{"id":1827,"date":"2018-06-05T16:55:11","date_gmt":"2018-06-05T19:55:11","guid":{"rendered":"https:\/\/conslaplata.esteri.it\/news\/dal_consolato\/2018\/06\/02-giugno-2018-celebrazioni-del-2\/"},"modified":"2018-06-05T16:55:11","modified_gmt":"2018-06-05T19:55:11","slug":"02-giugno-2018-celebrazioni-del-2","status":"publish","type":"post","link":"https:\/\/conslaplata.esteri.it\/es\/news\/dal_consolato\/2018\/06\/02-giugno-2018-celebrazioni-del-2\/","title":{"rendered":"02 de junio de 2018 &#8211; Celebraci\u00f2n del 72\u00b0 Aniversario de la Rep\u00fablica Italiana en el Municipio de La Plata"},"content":{"rendered":"<p>El pasado 2 de junio, en la Municipalidad de la Plata se llev\u00f3 a cabo la celebraci\u00f3n del 72\u00ba aniversario de la Rep\u00fablica Italiana. Como es tradici\u00f3n, la celebraci\u00f3n cont\u00f3 con la presencia de numerosos compatriotas, pertenecientes a la circunscripci\u00f3n consular, como as\u00ed tambi\u00e9n cont\u00f3 con la presencia de autoridades gubernamentales, personal militar y diplom\u00e1tico, como as\u00ec estuvieron presentes personalidades del mundo de la cultura, de la econom\u00eda y de la sociedad civil argentina.<\/p>\n<p>En su discurso el C\u00f3nsul General, <strong>Iacopo Foti<\/strong>, record\u00f3 el profundo significado del aniversario e hizo un balance de su gesti\u00f3n, iniciada hace cuatro a\u00f1os, se\u00f1alando como en este per\u00edodo las relaciones entre Italia y Argentina se han intensificado y como la ciudad de La Plata, declarada recientemente por el Gobierno de la Provincia de Buenos Aires \u201c<strong><a href=\"es\/la_comunicazione\/dal-consolato\/2017\/09\/6-settembre-2017-cerimonia-per.html\">Capital del inmigrante italiano<\/a><\/strong>\u201d, haya sido el marco de diversos eventos culturales. En representaci\u00f3n del Intendente de La Plata tom\u00f3 la palabra el Concejal <strong>Claudio Frangul<\/strong>, el cual remarc\u00f3 la importancia que ha tenido la colectividad italiana a lo largo de la historia de la ciudad, desde su fundaci\u00f3n hasta hoy, reconociendo su \u00abespecialidad\u00bb dentro del contexto de la Provincia de Buenos Aires.<\/p>\n<p>En el transcurso de la velada el C\u00f3nsul General, acompa\u00f1ado por el C\u00f3nsul Adjunto, <strong>Rosario Grenci<\/strong>, entreg\u00f3 en nombre y por cuenta del Presidente de la Rep\u00fablica Italiana, Sergio Mattarella, al Dr. <strong>Giuliano Brandi<\/strong> y al Ing. <strong>Daniel Gasparetti<\/strong> la condecoraci\u00f3n de Cavaliere dell\u2019Ordine della Stella d\u2019Italia (OSI) como reconocimiento por el valioso trabajo realizado dentro del asociacionismo italiano.<\/p>\n<p>La ceremonia finaliz\u00f3 con la exhibici\u00f3n en vivo del tenor <strong>Juan Pablo Skrt<\/strong> que interpret\u00f3 algunos cl\u00e1sicos de la l\u00edrica italiana y con la actuaci\u00f3n del coro de los Alpinos de La Plata. Luego de la ceremonia el Consulado General ofreci\u00f3 un cocktail en los salones de la Municipalidad de La Plata.<\/p>\n<p>\u00a0<\/p>\n<p>\u00a0 \u00a0 \u00a0 \u00a0 \u00a0 \u00a0<a href=\"resource\/img\/2018\/06\/001.jpg\"><img decoding=\"async\" src=\"resource\/img\/2018\/06\/001piccola.jpg\" alt=\"001piccola\" \/><\/a>\u00a0 \u00a0 \u00a0 \u00a0 \u00a0 \u00a0 <a href=\"resource\/img\/2018\/06\/002.jpg\"><img decoding=\"async\" src=\"resource\/img\/2018\/06\/002_piccola.jpg\" alt=\"002 piccola\" \/><\/a>\u00a0 \u00a0 \u00a0 \u00a0 \u00a0 \u00a0\u00a0<a href=\"resource\/img\/2018\/06\/003.jpg\"><img decoding=\"async\" src=\"resource\/img\/2018\/06\/003_piccola.jpg\" alt=\"003 piccola\" \/><\/a>\u00a0<\/p>\n<p>\u00a0<\/p>\n<p>\u00a0 \u00a0 \u00a0 \u00a0 \u00a0 \u00a0<a href=\"resource\/img\/2018\/06\/004.jpg\"><img decoding=\"async\" src=\"resource\/img\/2018\/06\/004_piccola.jpg\" alt=\"004 piccola\" \/><\/a>\u00a0 \u00a0 \u00a0 \u00a0 \u00a0 \u00a0 \u00a0<a href=\"resource\/img\/2018\/06\/005.jpg\"><img decoding=\"async\" src=\"resource\/img\/2018\/06\/005_piccola.jpg\" alt=\"005 piccola\" \/><\/a>\u00a0 \u00a0 \u00a0 \u00a0 \u00a0 \u00a0<a href=\"resource\/img\/2018\/06\/006.jpg\"><img decoding=\"async\" src=\"resource\/img\/2018\/06\/006_piccola.jpg\" alt=\"006 piccola\" \/><\/a><\/p>\n<p>\u00a0<\/p>\n<p>\u00a0 \u00a0 \u00a0 \u00a0 \u00a0 \u00a0<a href=\"resource\/img\/2018\/06\/007.jpg\"><img decoding=\"async\" src=\"resource\/img\/2018\/06\/007_piccola.jpg\" alt=\"007 piccola\" \/><\/a>\u00a0 \u00a0 \u00a0 \u00a0 \u00a0 \u00a0 \u00a0<a href=\"resource\/img\/2018\/06\/008.jpg\"><img decoding=\"async\" src=\"resource\/img\/2018\/06\/008_piccola.jpg\" alt=\"008 piccola\" \/><\/a>\u00a0 \u00a0 \u00a0 \u00a0 \u00a0 \u00a0\u00a0<a href=\"resource\/img\/2018\/06\/009.jpg\"><img decoding=\"async\" src=\"resource\/img\/2018\/06\/009_piccola.jpg\" alt=\"009 piccola\" \/><\/a><\/p>\n<p>\u00a0<\/p>\n<p>\u00a0 \u00a0 \u00a0 \u00a0 \u00a0 \u00a0<a href=\"resource\/img\/2018\/06\/010.jpg\"><img decoding=\"async\" src=\"resource\/img\/2018\/06\/010_piccola.jpg\" alt=\"010 piccola\" \/><\/a>\u00a0 \u00a0 \u00a0 \u00a0 \u00a0 \u00a0 \u00a0<a href=\"resource\/img\/2018\/06\/011.jpg\"><img decoding=\"async\" src=\"resource\/img\/2018\/06\/011_piccola.jpg\" alt=\"011 piccola\" \/><\/a>\u00a0 \u00a0 \u00a0 \u00a0 \u00a0 \u00a0\u00a0<a href=\"resource\/img\/2018\/06\/012.jpg\"><img decoding=\"async\" src=\"resource\/img\/2018\/06\/012_piccola.jpg\" alt=\"012 piccola\" \/><\/a><\/p>\n<p>\u00a0<\/p>\n<p>\u00a0 \u00a0 \u00a0 \u00a0 \u00a0 \u00a0<a href=\"resource\/img\/2018\/06\/013.jpg\"><img decoding=\"async\" src=\"resource\/img\/2018\/06\/013_piccola.jpg\" alt=\"013 piccola\" \/><\/a>\u00a0 \u00a0 \u00a0 \u00a0 \u00a0 \u00a0 \u00a0<a href=\"resource\/img\/2018\/06\/014.jpg\"><img decoding=\"async\" src=\"resource\/img\/2018\/06\/014_piccola.jpg\" alt=\"014 piccola\" \/><\/a>\u00a0 \u00a0 \u00a0 \u00a0 \u00a0 \u00a0\u00a0<a href=\"resource\/img\/2018\/06\/015.jpg\"><img decoding=\"async\" src=\"resource\/img\/2018\/06\/015_piccola.jpg\" alt=\"015 piccola\" \/><\/a><\/p>\n<p>\u00a0<\/p>\n<p>\u00a0 \u00a0 \u00a0 \u00a0 \u00a0 \u00a0<a href=\"resource\/img\/2018\/06\/016.jpg\"><img decoding=\"async\" src=\"resource\/img\/2018\/06\/016_piccola.jpg\" alt=\"016 piccola\" \/><\/a>\u00a0 \u00a0 \u00a0 \u00a0 \u00a0 \u00a0 \u00a0<a href=\"resource\/img\/2018\/06\/017_0.jpg\"><img decoding=\"async\" src=\"resource\/img\/2018\/06\/017_piccola.jpg\" alt=\"017 piccola\" \/><\/a>\u00a0 \u00a0 \u00a0 \u00a0 \u00a0 \u00a0\u00a0<a href=\"resource\/img\/2018\/06\/018.jpg\"><img decoding=\"async\" src=\"resource\/img\/2018\/06\/018_piccola.jpg\" alt=\"018 piccola\" \/><\/a><\/p>\n<p>\u00a0<\/p>\n<p>\u00a0 \u00a0 \u00a0 \u00a0 \u00a0 \u00a0<a href=\"resource\/img\/2018\/06\/019.jpg\"><img decoding=\"async\" src=\"resource\/img\/2018\/06\/019_piccola.jpg\" alt=\"019 piccola\" \/><\/a>\u00a0 \u00a0 \u00a0 \u00a0 \u00a0 \u00a0 \u00a0<a href=\"resource\/img\/2018\/06\/020.jpg\"><img decoding=\"async\" src=\"resource\/img\/2018\/06\/020_piccola.jpg\" alt=\"020 piccola\" \/><\/a>\u00a0 \u00a0 \u00a0 \u00a0 \u00a0 \u00a0\u00a0<a href=\"resource\/img\/2018\/06\/021_0.jpg\"><img decoding=\"async\" src=\"resource\/img\/2018\/06\/021_piccola.jpg\" alt=\"021 piccola\" \/><\/a><\/p>\n","protected":false},"excerpt":{"rendered":"El pasado 2 de junio, en la Municipalidad de la Plata se llev\u00f3 a cabo la celebraci\u00f3n del 72\u00ba aniversario de la Rep\u00fablica Italiana. Como es tradici\u00f3n, la celebraci\u00f3n cont\u00f3 con la presencia de numerosos compatriotas, pertenecientes a la circunscripci\u00f3n consular, como as\u00ed tambi\u00e9n cont\u00f3 con la presencia de autoridades gubernamentales, personal militar y diplom\u00e1tico, [&hellip;]","protected":false},"author":1,"featured_media":0,"comment_status":"","ping_status":"","sticky":false,"template":"","format":"standard","meta":{"footnotes":""},"tags":[],"class_list":["post-1827","post","type-post","status-publish","format-standard","hentry"],"_links":{"self":[{"href":"https:\/\/conslaplata.esteri.it\/es\/wp-json\/wp\/v2\/posts\/1827","targetHints":{"allow":["GET"]}}],"collection":[{"href":"https:\/\/conslaplata.esteri.it\/es\/wp-json\/wp\/v2\/posts"}],"about":[{"href":"https:\/\/conslaplata.esteri.it\/es\/wp-json\/wp\/v2\/types\/post"}],"author":[{"embeddable":true,"href":"https:\/\/conslaplata.esteri.it\/es\/wp-json\/wp\/v2\/users\/1"}],"replies":[{"embeddable":true,"href":"https:\/\/conslaplata.esteri.it\/es\/wp-json\/wp\/v2\/comments?post=1827"}],"version-history":[{"count":0,"href":"https:\/\/conslaplata.esteri.it\/es\/wp-json\/wp\/v2\/posts\/1827\/revisions"}],"wp:attachment":[{"href":"https:\/\/conslaplata.esteri.it\/es\/wp-json\/wp\/v2\/media?parent=1827"}],"wp:term":[{"taxonomy":"post_tag","embeddable":true,"href":"https:\/\/conslaplata.esteri.it\/es\/wp-json\/wp\/v2\/tags?post=1827"}],"curies":[{"name":"wp","href":"https:\/\/api.w.org\/{rel}","templated":true}]}}