{"id":1931,"date":"2017-09-19T17:18:39","date_gmt":"2017-09-19T20:18:39","guid":{"rendered":"https:\/\/conslaplata.esteri.it\/news\/dal_consolato\/2017\/09\/6-settembre-2017-cerimonia-per-2\/"},"modified":"2017-09-19T17:18:39","modified_gmt":"2017-09-19T20:18:39","slug":"6-settembre-2017-cerimonia-per-2","status":"publish","type":"post","link":"https:\/\/conslaplata.esteri.it\/es\/news\/dal_consolato\/2017\/09\/6-settembre-2017-cerimonia-per-2\/","title":{"rendered":"6 de septiembre de 2017 &#8211; Acto de presentaci\u00f2n de la Ley Provincial 14.833 que declara a la ciudad de La Plata \u201cCapital del Inmigrante Italiano\u201d"},"content":{"rendered":"<p>El pasado 6 de septiembre en el Senado de la Provincia de Buenos Aires se llev\u00f3 a cabo una emotiva ceremonia en la cual se present\u00f3 oficialmente, a un a\u00f1o de su entrada en vigor, la <a href=\"http:\/\/www.conslaplata.esteri.it\/consolato_laplata\/es\/la_comunicazione\/dal-consolato\/2016\/09\/il-governo-della-provincia-di-buenos.html\"><strong>Ley Provincial 14.833<\/strong><\/a> que declara a la ciudad de La Plata \u201cCapital del Inmigrante Italiano\u201d.<\/p>\n<p>Esta Ley, que nace de un proyecto promovido por la <strong><a href=\"https:\/\/failap.org\/\">Federaci\u00f3n de Asociaciones Italianas de la Circunscripci\u00f3n Consular de La Plata (FAILAP)<\/a><\/strong> y apoyado por este Consulado General, quiere rendir homenaje a la emigraci\u00f3n italiana que ha caracterizado la vida social, cultural y econ\u00f3mica de la ciudad de La Plata desde su fundaci\u00f3n, reconociendo la \u00abespecialidad\u00bb dentro del contexto de la Provincia de Buenos Aires. Los primeros censos oficiales, de hecho, muestran como la mayor\u00eda de la poblaci\u00f3n estaba conformada por inmigrantes italianos, a quienes se les atribuye gran parte de la construcci\u00f3n de la ciudad.<\/p>\n<p>La ceremonia, presidida por el Vicegobernador de la Provincia de Buenos Aires, <strong>Daniel Salvador<\/strong>, ha contado con una extensa participaci\u00f3n de la colectividad italiana de la zona, de numerosos Diputados y Senadores provinciales, del Vicepresidente de la Suprema Corte de Justicia, <strong>Eduardo Pettigiani<\/strong>, del Intendente de Berisso, <strong>Jorge Nedela<\/strong> y de un vasto p\u00fablico de personalidades que poseen lazos de amistad, simpat\u00eda y colaboraci\u00f3n con la comunidad italiana.<\/p>\n<p>En dicho acto tomoran la palabra, adem\u00e1s del Vicegobernador, el Presidente de FAILAP, <strong>Daniel Gasparetti<\/strong>; el Secretario General de la Provincia de Buenos Aires, <strong>Fabi\u00e1n Perechodnik<\/strong> y el Intendente de La Plata, <strong>Julio Garro<\/strong>. En todos los discursos se destac\u00f3 la gran \u201citalianidad\u201d de la ciudad de La Plata que se manifiesta no solo en la presencia de numerosos conciudadanos sino tambi\u00e9n en muchos aspectos actuales de la vida econ\u00f3mica, cultural y social de la capital de la Provincia de Buenos Aires.<\/p>\n<p>En su discurso el C\u00f3nsul General, <strong>Iacopo Foti<\/strong>, remarc\u00f3 la relaci\u00f3n especial, casi familiar, que une a Italia y Argentina, augurando que esta ley constituya un impulso hacia nuevas metas de colaboraci\u00f3n y cooperaci\u00f3n. En este sentido, destac\u00f3 que en la ciudad de La Plata se realiza, desde el a\u00f1o 2009, la\u00a0mega exposici\u00f3n \u201c<strong>Italia Para Todos<\/strong>\u201d y, desde el a\u00f1o 2015, el \u201c<strong>Festival de la M\u00fasica Italiana de La Plata<\/strong>\u201d, eventos de gran importancia no solo para la colectividad italiana sino tambi\u00e9n para todos los ciudadanos platenses. Por \u00faltimo, el Dr. Foti manifest\u00f3 el deseo que se pueda lograr, en los pr\u00f3ximos meses, una puesta en valor de \u00ab<strong>Plaza Italia<\/strong>\u00ab, una de las plazas m\u00e1s antiguas y emblem\u00e1ticas de la ciudad que representa para la comunidad italiana un s\u00edmbolo de su identidad nacional, y la creaci\u00f3n de un <strong>Profesorado de Italiano<\/strong> en la Universidad Nacional de La Plata (UNLP) con el objetivo de dotar a la Provincia de Buenos Aires de un centro de formaci\u00f3n para docentes de italiano.<\/p>\n<p>La ceremonia finaliz\u00f3 con la actuaci\u00f3n de cantantes l\u00edricos del cuerpo estable del Teatro Argentino quienes, acompa\u00f1ados por un piano,\u00a0interpretaron algunos fragmentos c\u00e9lebres del repertorio lirico italiano.<\/p>\n<p><a href=\"http:\/\/www.conslaplata.esteri.it\/consolato_laplata\/resource\/doc\/2017\/09\/ley_01.jpg\"><img loading=\"lazy\" decoding=\"async\" src=\"resource\/img\/2017\/09\/ley_01.jpg\" alt=\"ley 01\" width=\"199\" height=\"132\" \/><\/a>\u00a0 <a href=\"http:\/\/www.conslaplata.esteri.it\/consolato_laplata\/resource\/doc\/2017\/09\/ley_02.jpg\"><img loading=\"lazy\" decoding=\"async\" src=\"resource\/img\/2017\/09\/ley_02.jpg\" alt=\"ley 02\" width=\"199\" height=\"132\" \/><\/a>\u00a0 <a href=\"http:\/\/www.conslaplata.esteri.it\/consolato_laplata\/resource\/doc\/2017\/09\/ley_03.jpg\"><img loading=\"lazy\" decoding=\"async\" src=\"resource\/img\/2017\/09\/ley_03.jpg\" alt=\"ley 03\" width=\"199\" height=\"132\" \/><\/a><\/p>\n<p><a href=\"http:\/\/www.conslaplata.esteri.it\/consolato_laplata\/resource\/doc\/2017\/09\/ley_04.jpg\"><img loading=\"lazy\" decoding=\"async\" src=\"resource\/img\/2017\/09\/ley_04.jpg\" alt=\"ley 04\" width=\"200\" height=\"144\" \/><\/a>\u00a0 <a href=\"http:\/\/www.conslaplata.esteri.it\/consolato_laplata\/resource\/doc\/2017\/09\/ley_05.jpg\"><img loading=\"lazy\" decoding=\"async\" src=\"resource\/img\/2017\/09\/ley_05.jpg\" alt=\"ley 05\" width=\"200\" height=\"132\" \/><\/a>\u00a0 <a href=\"http:\/\/www.conslaplata.esteri.it\/consolato_laplata\/resource\/doc\/2017\/09\/ley_06.jpg\"><img loading=\"lazy\" decoding=\"async\" src=\"resource\/img\/2017\/09\/ley_06.jpg\" alt=\"ley 06\" width=\"200\" height=\"132\" \/><\/a><\/p>\n<p><a href=\"http:\/\/www.conslaplata.esteri.it\/consolato_laplata\/resource\/doc\/2017\/09\/ley_07.jpg\"><img loading=\"lazy\" decoding=\"async\" src=\"resource\/img\/2017\/09\/ley_07.jpg\" alt=\"ley 07\" width=\"201\" height=\"133\" \/><\/a>\u00a0 <a href=\"http:\/\/www.conslaplata.esteri.it\/consolato_laplata\/resource\/doc\/2017\/09\/ley_08.jpg\"><img loading=\"lazy\" decoding=\"async\" src=\"resource\/img\/2017\/09\/ley_08.jpg\" alt=\"ley 08\" width=\"199\" height=\"132\" \/><\/a>\u00a0 <a href=\"http:\/\/www.conslaplata.esteri.it\/consolato_laplata\/resource\/doc\/2017\/09\/ley_09.jpg\"><img loading=\"lazy\" decoding=\"async\" src=\"resource\/img\/2017\/09\/ley_09.jpg\" alt=\"ley 09\" width=\"200\" height=\"133\" \/><\/a><\/p>\n<p><a href=\"http:\/\/www.conslaplata.esteri.it\/consolato_laplata\/resource\/doc\/2017\/09\/ley_10.jpg\"><img loading=\"lazy\" decoding=\"async\" src=\"resource\/img\/2017\/09\/ley_10.jpg\" alt=\"ley 10\" width=\"199\" height=\"132\" \/><\/a>\u00a0 <a href=\"http:\/\/www.conslaplata.esteri.it\/consolato_laplata\/resource\/doc\/2017\/09\/ley_11.jpg\"><img loading=\"lazy\" decoding=\"async\" src=\"resource\/img\/2017\/09\/ley_11.jpg\" alt=\"ley 11\" width=\"200\" height=\"133\" \/><\/a>\u00a0 <a href=\"http:\/\/www.conslaplata.esteri.it\/consolato_laplata\/resource\/doc\/2017\/09\/ley_12.jpg\"><img loading=\"lazy\" decoding=\"async\" src=\"resource\/img\/2017\/09\/ley_12.jpg\" alt=\"ley 12\" width=\"199\" height=\"132\" \/><\/a><\/p>\n","protected":false},"excerpt":{"rendered":"El pasado 6 de septiembre en el Senado de la Provincia de Buenos Aires se llev\u00f3 a cabo una emotiva ceremonia en la cual se present\u00f3 oficialmente, a un a\u00f1o de su entrada en vigor, la Ley Provincial 14.833 que declara a la ciudad de La Plata \u201cCapital del Inmigrante Italiano\u201d. Esta Ley, que nace [&hellip;]","protected":false},"author":1,"featured_media":0,"comment_status":"","ping_status":"","sticky":false,"template":"","format":"standard","meta":{"footnotes":""},"tags":[],"class_list":["post-1931","post","type-post","status-publish","format-standard","hentry"],"_links":{"self":[{"href":"https:\/\/conslaplata.esteri.it\/es\/wp-json\/wp\/v2\/posts\/1931","targetHints":{"allow":["GET"]}}],"collection":[{"href":"https:\/\/conslaplata.esteri.it\/es\/wp-json\/wp\/v2\/posts"}],"about":[{"href":"https:\/\/conslaplata.esteri.it\/es\/wp-json\/wp\/v2\/types\/post"}],"author":[{"embeddable":true,"href":"https:\/\/conslaplata.esteri.it\/es\/wp-json\/wp\/v2\/users\/1"}],"replies":[{"embeddable":true,"href":"https:\/\/conslaplata.esteri.it\/es\/wp-json\/wp\/v2\/comments?post=1931"}],"version-history":[{"count":0,"href":"https:\/\/conslaplata.esteri.it\/es\/wp-json\/wp\/v2\/posts\/1931\/revisions"}],"wp:attachment":[{"href":"https:\/\/conslaplata.esteri.it\/es\/wp-json\/wp\/v2\/media?parent=1931"}],"wp:term":[{"taxonomy":"post_tag","embeddable":true,"href":"https:\/\/conslaplata.esteri.it\/es\/wp-json\/wp\/v2\/tags?post=1931"}],"curies":[{"name":"wp","href":"https:\/\/api.w.org\/{rel}","templated":true}]}}