{"id":2531,"date":"2023-09-20T10:53:34","date_gmt":"2023-09-20T13:53:34","guid":{"rendered":"https:\/\/conslaplata.esteri.it\/news\/dal_consolato\/2023\/09\/concorso-letterario-baules-de-suenos-e-ilusiones-de-la-inmigracion-italiana\/"},"modified":"2023-09-20T11:00:17","modified_gmt":"2023-09-20T14:00:17","slug":"concorso-letterario-baules-de-suenos-e-ilusiones-de-la-inmigracion-italiana","status":"publish","type":"post","link":"https:\/\/conslaplata.esteri.it\/es\/news\/dal_consolato\/2023\/09\/concorso-letterario-baules-de-suenos-e-ilusiones-de-la-inmigracion-italiana\/","title":{"rendered":"Concurso literario: Ba\u00fales de sue\u00f1os e ilusiones de la inmigraci\u00f3n italiana"},"content":{"rendered":"<p>El Consulato Generale de Italia en La Plata tiene el honor de\u00a0 informar los ganadores del concurso \u00ab<strong>Ba\u00fales y sue\u00f1os de la Inmigraci\u00f3n Italiana\u00bb <\/strong>organizado por <strong>\u00a0Uni\u00f3n de Inmigrantes UNIT\u00c0 &#8211; Uni\u00f3n Inmigrantes \u00edtalo-argentinos.<\/strong><\/p>\n<p><span style=\"text-decoration: underline;\">Categor\u00eda narrativa:<\/span><\/p>\n<p><strong>1\u00b0 premio<br \/>\n<\/strong>T\u00edtulo \u00abLa Ceremonia\u00bb<br \/>\nAutor Marcos Sebasti\u00e1n N\u00fa\u00f1ez<\/p>\n<p><strong>2\u00b0 premio<br \/>\n<\/strong>T\u00edtulo \u00abEl otro Barco\u00bb<br \/>\nAutor Ricardo Emilio Varela<\/p>\n<p><strong>3\u00b0 Premio<br \/>\n<\/strong>T\u00edtulo \u00abEl fantasma Gris\u00bb<br \/>\nAutora Mar\u00eda Alejandra \u00c1lvarez<\/p>\n<p><span style=\"text-decoration: underline;\">Categoria poesia<\/span><\/p>\n<p><strong>1\u00b0 Premio<br \/>\n<\/strong>T\u00edtulo \u00abDe D\u00f3nde Vengo\u00bb<br \/>\nAutor C\u00e9sar Alberto Speranza<\/p>\n<p><strong>2\u00b0 Premio<br \/>\n<\/strong>T\u00edtulo \u00abAbuelos Inmigrantes Italianos\u00bb<br \/>\nAutor Francisco Islas<\/p>\n<p><strong>3\u00b0 Premio<br \/>\n<\/strong>T\u00edtulo \u00abRomance para un Inmigrante\u00bb<br \/>\nAutor Juan Carlos Pirali Brescia<\/p>\n","protected":false},"excerpt":{"rendered":"El Consulato Generale de Italia en La Plata tiene el honor de\u00a0 informar los ganadores del concurso \u00abBa\u00fales y sue\u00f1os de la Inmigraci\u00f3n Italiana\u00bb organizado por \u00a0Uni\u00f3n de Inmigrantes UNIT\u00c0 &#8211; Uni\u00f3n Inmigrantes \u00edtalo-argentinos. Categor\u00eda narrativa: 1\u00b0 premio T\u00edtulo \u00abLa Ceremonia\u00bb Autor Marcos Sebasti\u00e1n N\u00fa\u00f1ez 2\u00b0 premio T\u00edtulo \u00abEl otro Barco\u00bb Autor Ricardo Emilio Varela [&hellip;]","protected":false},"author":4,"featured_media":2527,"comment_status":"closed","ping_status":"closed","sticky":false,"template":"","format":"standard","meta":{"footnotes":""},"tags":[12,7],"class_list":["post-2531","post","type-post","status-publish","format-standard","has-post-thumbnail","hentry","tag-diplomazia-culturale","tag-italiani-nel-mondo"],"_links":{"self":[{"href":"https:\/\/conslaplata.esteri.it\/es\/wp-json\/wp\/v2\/posts\/2531","targetHints":{"allow":["GET"]}}],"collection":[{"href":"https:\/\/conslaplata.esteri.it\/es\/wp-json\/wp\/v2\/posts"}],"about":[{"href":"https:\/\/conslaplata.esteri.it\/es\/wp-json\/wp\/v2\/types\/post"}],"author":[{"embeddable":true,"href":"https:\/\/conslaplata.esteri.it\/es\/wp-json\/wp\/v2\/users\/4"}],"replies":[{"embeddable":true,"href":"https:\/\/conslaplata.esteri.it\/es\/wp-json\/wp\/v2\/comments?post=2531"}],"version-history":[{"count":2,"href":"https:\/\/conslaplata.esteri.it\/es\/wp-json\/wp\/v2\/posts\/2531\/revisions"}],"predecessor-version":[{"id":2533,"href":"https:\/\/conslaplata.esteri.it\/es\/wp-json\/wp\/v2\/posts\/2531\/revisions\/2533"}],"wp:featuredmedia":[{"embeddable":true,"href":"https:\/\/conslaplata.esteri.it\/es\/wp-json\/wp\/v2\/media\/2527"}],"wp:attachment":[{"href":"https:\/\/conslaplata.esteri.it\/es\/wp-json\/wp\/v2\/media?parent=2531"}],"wp:term":[{"taxonomy":"post_tag","embeddable":true,"href":"https:\/\/conslaplata.esteri.it\/es\/wp-json\/wp\/v2\/tags?post=2531"}],"curies":[{"name":"wp","href":"https:\/\/api.w.org\/{rel}","templated":true}]}}