{"id":2638,"date":"2023-09-28T09:23:33","date_gmt":"2023-09-28T12:23:33","guid":{"rendered":"https:\/\/conslaplata.esteri.it\/?p=2638"},"modified":"2023-09-28T09:27:29","modified_gmt":"2023-09-28T12:27:29","slug":"la-plata-celebra-italia-1-de-octubre-de-2023","status":"publish","type":"post","link":"https:\/\/conslaplata.esteri.it\/es\/news\/dal_consolato\/2023\/09\/la-plata-celebra-italia-1-de-octubre-de-2023\/","title":{"rendered":"La Plata celebra Italia \u2013 1 de octubre de 2023"},"content":{"rendered":"<p>El <strong>1\u00b0 de octubre<\/strong> se llevar\u00e1 a cabo en la ciudad de La Plata la manifestaci\u00f3n cultural <strong>\u201cLa Plata celebra Italia\u201d<\/strong> organizada por la Municipalidad de La Plata, el COMITES, la FAILAP y auspiciada por el Consulado General de Italia en La Plata.<\/p>\n<p>El evento se desarrollar\u00e1 en <strong>Plaza Moreno de 11:00 a 19:00 horas<\/strong> y contar\u00e1 con exposici\u00f3n de autos y motos, stand de comida t\u00edpica, espect\u00e1culos musicales y el sorteo de un viaje a Italia.<\/p>\n","protected":false},"excerpt":{"rendered":"El 1\u00b0 de octubre se llevar\u00e1 a cabo en la ciudad de La Plata la manifestaci\u00f3n cultural \u201cLa Plata celebra Italia\u201d organizada por la Municipalidad de La Plata, el COMITES, la FAILAP y auspiciada por el Consulado General de Italia en La Plata. El evento se desarrollar\u00e1 en Plaza Moreno de 11:00 a 19:00 horas [&hellip;]","protected":false},"author":4,"featured_media":2633,"comment_status":"closed","ping_status":"closed","sticky":false,"template":"","format":"standard","meta":{"footnotes":""},"tags":[12,7],"class_list":["post-2638","post","type-post","status-publish","format-standard","has-post-thumbnail","hentry","tag-diplomazia-culturale","tag-italiani-nel-mondo"],"_links":{"self":[{"href":"https:\/\/conslaplata.esteri.it\/es\/wp-json\/wp\/v2\/posts\/2638","targetHints":{"allow":["GET"]}}],"collection":[{"href":"https:\/\/conslaplata.esteri.it\/es\/wp-json\/wp\/v2\/posts"}],"about":[{"href":"https:\/\/conslaplata.esteri.it\/es\/wp-json\/wp\/v2\/types\/post"}],"author":[{"embeddable":true,"href":"https:\/\/conslaplata.esteri.it\/es\/wp-json\/wp\/v2\/users\/4"}],"replies":[{"embeddable":true,"href":"https:\/\/conslaplata.esteri.it\/es\/wp-json\/wp\/v2\/comments?post=2638"}],"version-history":[{"count":1,"href":"https:\/\/conslaplata.esteri.it\/es\/wp-json\/wp\/v2\/posts\/2638\/revisions"}],"predecessor-version":[{"id":2639,"href":"https:\/\/conslaplata.esteri.it\/es\/wp-json\/wp\/v2\/posts\/2638\/revisions\/2639"}],"wp:featuredmedia":[{"embeddable":true,"href":"https:\/\/conslaplata.esteri.it\/es\/wp-json\/wp\/v2\/media\/2633"}],"wp:attachment":[{"href":"https:\/\/conslaplata.esteri.it\/es\/wp-json\/wp\/v2\/media?parent=2638"}],"wp:term":[{"taxonomy":"post_tag","embeddable":true,"href":"https:\/\/conslaplata.esteri.it\/es\/wp-json\/wp\/v2\/tags?post=2638"}],"curies":[{"name":"wp","href":"https:\/\/api.w.org\/{rel}","templated":true}]}}