{"id":2769,"date":"2023-11-09T11:49:09","date_gmt":"2023-11-09T14:49:09","guid":{"rendered":"https:\/\/conslaplata.esteri.it\/?p=2769"},"modified":"2023-11-09T11:56:16","modified_gmt":"2023-11-09T14:56:16","slug":"viernes-10-de-noviembre-macla-inauguracion-muestra","status":"publish","type":"post","link":"https:\/\/conslaplata.esteri.it\/es\/news\/dal_consolato\/2023\/11\/viernes-10-de-noviembre-macla-inauguracion-muestra\/","title":{"rendered":"Viernes 10 de noviembre &#8211; MACLA &#8211; Inauguraci\u00f3n muestra"},"content":{"rendered":"<p>En colaboraci\u00f3n con el <strong>Consulado General de Italia en La Plata<\/strong><strong>, el viernes 10 de noviembre a las 19.00 horas <\/strong><strong>s<\/strong>e inaugurar\u00e1 en el<strong> MACLA, <\/strong>Museo de Arte Contempor\u00e1neo Latinoamericano, de La Plata (Centro Cultural Pasaje Dardo Rocha, calle 50 entre 6 y 7) la muestra<strong> \u201cConstrucci\u00f3n Introspectiva\u201d di Alejandro Gigli e \u201cLimerencia\u201d di Juan D\u2019Lala\u201d.<\/strong><\/p>\n<p>Las obras de estos artistas representan un ejemplo original y fascinante del \u201coptic art\u201d.<\/p>\n<p><strong>La entrada es libre y gratuita.<\/strong><\/p>\n","protected":false},"excerpt":{"rendered":"En colaboraci\u00f3n con el Consulado General de Italia en La Plata, el viernes 10 de noviembre a las 19.00 horas se inaugurar\u00e1 en el MACLA, Museo de Arte Contempor\u00e1neo Latinoamericano, de La Plata (Centro Cultural Pasaje Dardo Rocha, calle 50 entre 6 y 7) la muestra \u201cConstrucci\u00f3n Introspectiva\u201d di Alejandro Gigli e \u201cLimerencia\u201d di Juan [&hellip;]","protected":false},"author":4,"featured_media":2762,"comment_status":"closed","ping_status":"closed","sticky":false,"template":"","format":"standard","meta":{"footnotes":""},"tags":[12,7],"class_list":["post-2769","post","type-post","status-publish","format-standard","has-post-thumbnail","hentry","tag-diplomazia-culturale","tag-italiani-nel-mondo"],"_links":{"self":[{"href":"https:\/\/conslaplata.esteri.it\/es\/wp-json\/wp\/v2\/posts\/2769","targetHints":{"allow":["GET"]}}],"collection":[{"href":"https:\/\/conslaplata.esteri.it\/es\/wp-json\/wp\/v2\/posts"}],"about":[{"href":"https:\/\/conslaplata.esteri.it\/es\/wp-json\/wp\/v2\/types\/post"}],"author":[{"embeddable":true,"href":"https:\/\/conslaplata.esteri.it\/es\/wp-json\/wp\/v2\/users\/4"}],"replies":[{"embeddable":true,"href":"https:\/\/conslaplata.esteri.it\/es\/wp-json\/wp\/v2\/comments?post=2769"}],"version-history":[{"count":1,"href":"https:\/\/conslaplata.esteri.it\/es\/wp-json\/wp\/v2\/posts\/2769\/revisions"}],"predecessor-version":[{"id":2771,"href":"https:\/\/conslaplata.esteri.it\/es\/wp-json\/wp\/v2\/posts\/2769\/revisions\/2771"}],"wp:featuredmedia":[{"embeddable":true,"href":"https:\/\/conslaplata.esteri.it\/es\/wp-json\/wp\/v2\/media\/2762"}],"wp:attachment":[{"href":"https:\/\/conslaplata.esteri.it\/es\/wp-json\/wp\/v2\/media?parent=2769"}],"wp:term":[{"taxonomy":"post_tag","embeddable":true,"href":"https:\/\/conslaplata.esteri.it\/es\/wp-json\/wp\/v2\/tags?post=2769"}],"curies":[{"name":"wp","href":"https:\/\/api.w.org\/{rel}","templated":true}]}}