{"id":2831,"date":"2023-11-14T11:39:39","date_gmt":"2023-11-14T14:39:39","guid":{"rendered":"https:\/\/conslaplata.esteri.it\/news\/dal_consolato\/2023\/11\/inaugurazione-viii-settimana-della-cucina-italiana-nel-mondo\/"},"modified":"2023-11-14T11:51:36","modified_gmt":"2023-11-14T14:51:36","slug":"inaugurazione-viii-settimana-della-cucina-italiana-nel-mondo","status":"publish","type":"post","link":"https:\/\/conslaplata.esteri.it\/es\/news\/dal_consolato\/2023\/11\/inaugurazione-viii-settimana-della-cucina-italiana-nel-mondo\/","title":{"rendered":"Lunes 13 de noviembre &#8211; Inauguraci\u00f3n de la VIII Semana de la Cocina Italiana en el Mundo"},"content":{"rendered":"<p>El <strong>C\u00f3nsul General Pierluigi Schettino<\/strong> inaugur\u00f3 ayer la octava edici\u00f3n de la <strong>Semana de la Cocina Italiana en el Mundo<\/strong> en la jurisdicci\u00f3n de La Plata. Se realizar\u00e1n muchos eventos interesantes tanto en La Plata como e Quilmes, en esta oportunidad en colaboraci\u00f3n con la prestigiosa academia gastron\u00f3mica italiana <strong>Casa Artusi y la Regi\u00f3n Emilia Romagna<\/strong>.<\/p>\n","protected":false},"excerpt":{"rendered":"El C\u00f3nsul General Pierluigi Schettino inaugur\u00f3 ayer la octava edici\u00f3n de la Semana de la Cocina Italiana en el Mundo en la jurisdicci\u00f3n de La Plata. Se realizar\u00e1n muchos eventos interesantes tanto en La Plata como e Quilmes, en esta oportunidad en colaboraci\u00f3n con la prestigiosa academia gastron\u00f3mica italiana Casa Artusi y la Regi\u00f3n Emilia [&hellip;]","protected":false},"author":4,"featured_media":2818,"comment_status":"closed","ping_status":"closed","sticky":false,"template":"","format":"standard","meta":{"footnotes":""},"tags":[12,7],"class_list":["post-2831","post","type-post","status-publish","format-standard","has-post-thumbnail","hentry","tag-diplomazia-culturale","tag-italiani-nel-mondo"],"_links":{"self":[{"href":"https:\/\/conslaplata.esteri.it\/es\/wp-json\/wp\/v2\/posts\/2831","targetHints":{"allow":["GET"]}}],"collection":[{"href":"https:\/\/conslaplata.esteri.it\/es\/wp-json\/wp\/v2\/posts"}],"about":[{"href":"https:\/\/conslaplata.esteri.it\/es\/wp-json\/wp\/v2\/types\/post"}],"author":[{"embeddable":true,"href":"https:\/\/conslaplata.esteri.it\/es\/wp-json\/wp\/v2\/users\/4"}],"replies":[{"embeddable":true,"href":"https:\/\/conslaplata.esteri.it\/es\/wp-json\/wp\/v2\/comments?post=2831"}],"version-history":[{"count":2,"href":"https:\/\/conslaplata.esteri.it\/es\/wp-json\/wp\/v2\/posts\/2831\/revisions"}],"predecessor-version":[{"id":2837,"href":"https:\/\/conslaplata.esteri.it\/es\/wp-json\/wp\/v2\/posts\/2831\/revisions\/2837"}],"wp:featuredmedia":[{"embeddable":true,"href":"https:\/\/conslaplata.esteri.it\/es\/wp-json\/wp\/v2\/media\/2818"}],"wp:attachment":[{"href":"https:\/\/conslaplata.esteri.it\/es\/wp-json\/wp\/v2\/media?parent=2831"}],"wp:term":[{"taxonomy":"post_tag","embeddable":true,"href":"https:\/\/conslaplata.esteri.it\/es\/wp-json\/wp\/v2\/tags?post=2831"}],"curies":[{"name":"wp","href":"https:\/\/api.w.org\/{rel}","templated":true}]}}