{"id":2860,"date":"2023-11-14T15:14:01","date_gmt":"2023-11-14T18:14:01","guid":{"rendered":"https:\/\/conslaplata.esteri.it\/news\/dal_consolato\/2023\/11\/14-novembre-conferenza-tra-litalia-e-stati-uniti\/"},"modified":"2023-11-16T10:43:48","modified_gmt":"2023-11-16T13:43:48","slug":"14-novembre-conferenza-tra-litalia-e-stati-uniti","status":"publish","type":"post","link":"https:\/\/conslaplata.esteri.it\/es\/news\/dal_consolato\/2023\/11\/14-novembre-conferenza-tra-litalia-e-stati-uniti\/","title":{"rendered":"14 noviembre &#8211; Conferencia entre Italia y Estados Unidos en la  Farnesina"},"content":{"rendered":"<p>Hoy se llev\u00f3 a cabo en la Farnesina la conferencia \u201cItalia e Stati Uniti: la cooperazione internazionale sulle biotecnologie emergenti e le scienze della vita\u201d.<\/p>\n<p><strong>Versi\u00f3n en italiano<\/strong><\/p>\n<p><iframe loading=\"lazy\" title=\"YouTube video player\" src=\"https:\/\/www.youtube.com\/embed\/R3g7pV6NY6U?si=c65q5_F0arQ9Gd1j\" width=\"180\" height=\"150\" frameborder=\"0\" allowfullscreen=\"allowfullscreen\"><\/iframe><\/p>\n<p><strong><br \/>\nVersi\u00f3n en ingl\u00e9s<\/strong><\/p>\n<p><iframe loading=\"lazy\" title=\"YouTube video player\" src=\"https:\/\/www.youtube.com\/embed\/G-Q-xxHaQAQ?si=gAXB6idJosAqeeDo\" width=\"180\" height=\"150\" frameborder=\"0\" allowfullscreen=\"allowfullscreen\"><\/iframe><\/p>\n","protected":false},"excerpt":{"rendered":"Hoy se llev\u00f3 a cabo en la Farnesina la conferencia \u201cItalia e Stati Uniti: la cooperazione internazionale sulle biotecnologie emergenti e le scienze della vita\u201d. Versi\u00f3n en italiano Versi\u00f3n en ingl\u00e9s","protected":false},"author":4,"featured_media":2853,"comment_status":"closed","ping_status":"closed","sticky":false,"template":"","format":"standard","meta":{"footnotes":""},"tags":[10,5],"class_list":["post-2860","post","type-post","status-publish","format-standard","has-post-thumbnail","hentry","tag-diplomazia-scientifica","tag-politica-estera"],"_links":{"self":[{"href":"https:\/\/conslaplata.esteri.it\/es\/wp-json\/wp\/v2\/posts\/2860","targetHints":{"allow":["GET"]}}],"collection":[{"href":"https:\/\/conslaplata.esteri.it\/es\/wp-json\/wp\/v2\/posts"}],"about":[{"href":"https:\/\/conslaplata.esteri.it\/es\/wp-json\/wp\/v2\/types\/post"}],"author":[{"embeddable":true,"href":"https:\/\/conslaplata.esteri.it\/es\/wp-json\/wp\/v2\/users\/4"}],"replies":[{"embeddable":true,"href":"https:\/\/conslaplata.esteri.it\/es\/wp-json\/wp\/v2\/comments?post=2860"}],"version-history":[{"count":6,"href":"https:\/\/conslaplata.esteri.it\/es\/wp-json\/wp\/v2\/posts\/2860\/revisions"}],"predecessor-version":[{"id":2901,"href":"https:\/\/conslaplata.esteri.it\/es\/wp-json\/wp\/v2\/posts\/2860\/revisions\/2901"}],"wp:featuredmedia":[{"embeddable":true,"href":"https:\/\/conslaplata.esteri.it\/es\/wp-json\/wp\/v2\/media\/2853"}],"wp:attachment":[{"href":"https:\/\/conslaplata.esteri.it\/es\/wp-json\/wp\/v2\/media?parent=2860"}],"wp:term":[{"taxonomy":"post_tag","embeddable":true,"href":"https:\/\/conslaplata.esteri.it\/es\/wp-json\/wp\/v2\/tags?post=2860"}],"curies":[{"name":"wp","href":"https:\/\/api.w.org\/{rel}","templated":true}]}}