{"id":2927,"date":"2023-11-21T13:10:26","date_gmt":"2023-11-21T16:10:26","guid":{"rendered":"https:\/\/conslaplata.esteri.it\/news\/dal_consolato\/2023\/11\/dal-13-al-8-novembre-2023-viii-settimana-della-cucina-italiana-nel-mondo\/"},"modified":"2023-11-21T13:12:52","modified_gmt":"2023-11-21T16:12:52","slug":"dal-13-al-8-novembre-2023-viii-settimana-della-cucina-italiana-nel-mondo","status":"publish","type":"post","link":"https:\/\/conslaplata.esteri.it\/es\/news\/dal_consolato\/2023\/11\/dal-13-al-8-novembre-2023-viii-settimana-della-cucina-italiana-nel-mondo\/","title":{"rendered":"Desde el 13 al 8 noviembre 2023 \u2013 VIII Settimana della Cucina Italiana nel Mondo"},"content":{"rendered":"<p>Gran \u00e9xito y participaci\u00f3n en los eventos organizados en La Plata y Quilmes en el marco de la octava edici\u00f3n de la Semana de la Cocina Italiana en el Mundo. Master class del chef Bolsieri de Casa Artusi para los alumnos del Instituto It\u00e1lico de La Plata, para los estudiantes del Instituto Argentino de Gastronom\u00eda y para nuestra colectividad. \u00a1Gracias a todos por participar!<\/p>\n","protected":false},"excerpt":{"rendered":"Gran \u00e9xito y participaci\u00f3n en los eventos organizados en La Plata y Quilmes en el marco de la octava edici\u00f3n de la Semana de la Cocina Italiana en el Mundo. Master class del chef Bolsieri de Casa Artusi para los alumnos del Instituto It\u00e1lico de La Plata, para los estudiantes del Instituto Argentino de Gastronom\u00eda [&hellip;]","protected":false},"author":4,"featured_media":2820,"comment_status":"closed","ping_status":"closed","sticky":false,"template":"","format":"standard","meta":{"footnotes":""},"tags":[12,7,5],"class_list":["post-2927","post","type-post","status-publish","format-standard","has-post-thumbnail","hentry","tag-diplomazia-culturale","tag-italiani-nel-mondo","tag-politica-estera"],"_links":{"self":[{"href":"https:\/\/conslaplata.esteri.it\/es\/wp-json\/wp\/v2\/posts\/2927","targetHints":{"allow":["GET"]}}],"collection":[{"href":"https:\/\/conslaplata.esteri.it\/es\/wp-json\/wp\/v2\/posts"}],"about":[{"href":"https:\/\/conslaplata.esteri.it\/es\/wp-json\/wp\/v2\/types\/post"}],"author":[{"embeddable":true,"href":"https:\/\/conslaplata.esteri.it\/es\/wp-json\/wp\/v2\/users\/4"}],"replies":[{"embeddable":true,"href":"https:\/\/conslaplata.esteri.it\/es\/wp-json\/wp\/v2\/comments?post=2927"}],"version-history":[{"count":1,"href":"https:\/\/conslaplata.esteri.it\/es\/wp-json\/wp\/v2\/posts\/2927\/revisions"}],"predecessor-version":[{"id":2929,"href":"https:\/\/conslaplata.esteri.it\/es\/wp-json\/wp\/v2\/posts\/2927\/revisions\/2929"}],"wp:featuredmedia":[{"embeddable":true,"href":"https:\/\/conslaplata.esteri.it\/es\/wp-json\/wp\/v2\/media\/2820"}],"wp:attachment":[{"href":"https:\/\/conslaplata.esteri.it\/es\/wp-json\/wp\/v2\/media?parent=2927"}],"wp:term":[{"taxonomy":"post_tag","embeddable":true,"href":"https:\/\/conslaplata.esteri.it\/es\/wp-json\/wp\/v2\/tags?post=2927"}],"curies":[{"name":"wp","href":"https:\/\/api.w.org\/{rel}","templated":true}]}}