{"id":2981,"date":"2023-11-27T09:21:41","date_gmt":"2023-11-27T12:21:41","guid":{"rendered":"https:\/\/conslaplata.esteri.it\/?p=2981"},"modified":"2023-11-27T09:24:54","modified_gmt":"2023-11-27T12:24:54","slug":"sabado-25-noviembre-participacion-del-ministro-tajani-en-el-dia-internacional-para-la-eliminacion-de-la-violencia-contra-la-mujer","status":"publish","type":"post","link":"https:\/\/conslaplata.esteri.it\/es\/news\/dal_consolato\/2023\/11\/sabado-25-noviembre-participacion-del-ministro-tajani-en-el-dia-internacional-para-la-eliminacion-de-la-violencia-contra-la-mujer\/","title":{"rendered":"S\u00e1bado 25 noviembre &#8211; Participaci\u00f3n del Ministro Tajani en el D\u00eda Internacional para la Eliminaci\u00f3n de la Violencia contra la Mujer"},"content":{"rendered":"<p>Tambi\u00e9n la Farnesina adhiere a la campa\u00f1a de sensibilizaci\u00f3n de las Naciones Unidas por el <strong>D\u00eda<\/strong> <strong>Internacional para la eliminaci\u00f3n de la violencia contra la mujer<\/strong>. El s\u00e1bado 25 de noviembre, el Vicepresidente del Consejo y Ministro de Asuntos Exteriores<strong>, Antonio Tajani<\/strong>, particip\u00f3 de una ceremonia de iluminaci\u00f3n del Palacio de la Farnesina, en la explanada delante del edificio.<\/p>\n<p>\u201c<em>La Farnesina se pintar\u00e1 de naranja para dar una fuerte se\u00f1al de atenci\u00f3n y hacer hincapi\u00e9 en la firme condena de cualquier tipo de violencia contra las mujeres, un crimen detestable que constituye una forma de violaci\u00f3n a los derechos de la persona entre los m\u00e1s graves y difundidos en el mundo. Cada hora cinco mujeres son asesinadas en el \u00e1mbito dom\u00e9stico, mientras que una mujer de cada tres es v\u00edctima de violencia f\u00edsica o psicol\u00f3gica, de abusos y explotaci\u00f3n<\/em>\u201d, declar\u00f3 Tajani.<\/p>\n<p><em>\u201cLa violencia contra las mujeres es una plaga que lamentablemente afecta tambi\u00e9n a nuestro pa\u00eds. Como Vicepresidente del Consejo y Ministro de Asuntos Exteriores, he decidido dedicar a la memoria de Giulia Cecchetin cuyo asesinato ha conmovido al pa\u00eds, el principal programa de excelencia de becas de estudio promovido por la Farnesina \u2018Invest Your Talent in Italy\u2019, dirigido a los mejores talentos extranjeros procedentes de 17 pa\u00edses interesados en profundizar en Italia las disciplinas de ingenier\u00eda, econom\u00eda o arquitectura\u201d<\/em>, indic\u00f3 el Ministro.<\/p>\n<p>Por indicaci\u00f3n del Vicepresidente del Consejo, la Farnesina y su red en el exterior adhieren a la campa\u00f1a \u00ab<strong>Orange the World<\/strong>\u00bb, que da comienzo a 16 d\u00edas de iniciativas junto a la sociedad civil. La campa\u00f1a, titulada <strong>\u201c\u00a1\u00daNETE! Invierte para prevenir la violencia contra las mujeres y las ni\u00f1as\u201d,<\/strong> se enfoca en la promoci\u00f3n de inversiones y recursos financieros dedicados a combatir la violencia de g\u00e9nero, poni\u00e9ndose un objetivo a\u00fan m\u00e1s ambicioso: proclamar el 25 de cada mes un<strong> \u201cOrange Day\u201d<\/strong>, como herramienta para fortalecer y llamar la atenci\u00f3n permanente de la opini\u00f3n p\u00fablica sobre el tema.<\/p>\n<p>La condici\u00f3n de vulnerabilidad de las mujeres y ni\u00f1as se ve agravada en los conflictos armados, as\u00ed como en cada situaci\u00f3n de emergencia donde son las que resultan estar m\u00e1s expuestas. Ante estos datos alarmantes, Italia vuelve a expresar la m\u00e1s en\u00e9rgica condena contra toda forma de discriminaci\u00f3n y violencia hacia las mujeres.<\/p>\n<p>La eliminaci\u00f3n de la violencia hacia las mujeres y el apoyo a la emancipaci\u00f3n femenina se encuentran entre los pilares de la acci\u00f3n de la pol\u00edtica exterior italiana. Lo demuestran las numerosas campa\u00f1as internacionales como las de erradicaci\u00f3n de la mutilaci\u00f3n genital femenina y los matrimonios precoces y forzados, que siempre han tenido a Italia en primera l\u00ednea, y nuestro compromiso en el \u00e1mbito de la Comisi\u00f3n ONU de la Condici\u00f3n Jur\u00eddica y Social de la Mujer. Tambi\u00e9n en el \u00e1mbito de la Agenda ONU \u201c<strong>Mujeres, Paz y Seguridad<\/strong>\u201d, Italia se pone a la vanguardia de la comunidad internacional tanto en la promoci\u00f3n de iniciativas para mejorar el papel de la mujer en la prevenci\u00f3n y resoluci\u00f3n de conflictos y en la reconstrucci\u00f3n posconflicto, como a trav\u00e9s del Cuarto Plan de Acci\u00f3n Nacional 2020-2024.<\/p>\n<p>Italia participa en programas de la ONUDI destinados a apoyar las oportunidades empresariales femeninas en la regi\u00f3n MENA y estamos orgullosos de apoyar la Red de Mujeres Mediadoras del Mediterr\u00e1neo, as\u00ed como el \u00ab<em>Gender Equality Trust Fund \u2013 Affirmative Finance Action for Women in Africa (AFAWA)\u00bb<\/em> del Banco Africano de Desarrollo. Los recientes lineamientos de la Cooperaci\u00f3n Italiana sobre la igualdad de g\u00e9nero y el empoderamiento de las mujeres, j\u00f3venes y ni\u00f1as apuntan a intensificar a\u00fan m\u00e1s nuestro compromiso a trav\u00e9s de iniciativas espec\u00edficas que van desde la salud de la mujer, la materno-infantil, sexual y reproductiva hasta el apoyo a programas a favor de la educaci\u00f3n de ni\u00f1as y mujeres, y a proyectos de desarrollo del emprendimiento femenino.<\/p>\n<p>La planificaci\u00f3n y la implementaci\u00f3n de pol\u00edticas efectivas a nivel internacional tambi\u00e9n son de fundamental importancia para la plena realizaci\u00f3n del <strong>5\u00ba Objetivo de Desarrollo Sostenible de la Agenda 2030<\/strong>, del Plan de Acci\u00f3n de la Uni\u00f3n Europea 2020-2024 para los Derechos Humanos y la Democracia y de la Estrategia de la UE para la igualdad de g\u00e9nero 2020-2025.<\/p>\n<p>&nbsp;<\/p>\n","protected":false},"excerpt":{"rendered":"Tambi\u00e9n la Farnesina adhiere a la campa\u00f1a de sensibilizaci\u00f3n de las Naciones Unidas por el D\u00eda Internacional para la eliminaci\u00f3n de la violencia contra la mujer. El s\u00e1bado 25 de noviembre, el Vicepresidente del Consejo y Ministro de Asuntos Exteriores, Antonio Tajani, particip\u00f3 de una ceremonia de iluminaci\u00f3n del Palacio de la Farnesina, en la [&hellip;]","protected":false},"author":4,"featured_media":2974,"comment_status":"closed","ping_status":"closed","sticky":false,"template":"","format":"standard","meta":{"footnotes":""},"tags":[14,12,9,7,5],"class_list":["post-2981","post","type-post","status-publish","format-standard","has-post-thumbnail","hentry","tag-cooperazione-allo-sviluppo","tag-diplomazia-culturale","tag-diritti-umani","tag-italiani-nel-mondo","tag-politica-estera"],"_links":{"self":[{"href":"https:\/\/conslaplata.esteri.it\/es\/wp-json\/wp\/v2\/posts\/2981","targetHints":{"allow":["GET"]}}],"collection":[{"href":"https:\/\/conslaplata.esteri.it\/es\/wp-json\/wp\/v2\/posts"}],"about":[{"href":"https:\/\/conslaplata.esteri.it\/es\/wp-json\/wp\/v2\/types\/post"}],"author":[{"embeddable":true,"href":"https:\/\/conslaplata.esteri.it\/es\/wp-json\/wp\/v2\/users\/4"}],"replies":[{"embeddable":true,"href":"https:\/\/conslaplata.esteri.it\/es\/wp-json\/wp\/v2\/comments?post=2981"}],"version-history":[{"count":1,"href":"https:\/\/conslaplata.esteri.it\/es\/wp-json\/wp\/v2\/posts\/2981\/revisions"}],"predecessor-version":[{"id":2982,"href":"https:\/\/conslaplata.esteri.it\/es\/wp-json\/wp\/v2\/posts\/2981\/revisions\/2982"}],"wp:featuredmedia":[{"embeddable":true,"href":"https:\/\/conslaplata.esteri.it\/es\/wp-json\/wp\/v2\/media\/2974"}],"wp:attachment":[{"href":"https:\/\/conslaplata.esteri.it\/es\/wp-json\/wp\/v2\/media?parent=2981"}],"wp:term":[{"taxonomy":"post_tag","embeddable":true,"href":"https:\/\/conslaplata.esteri.it\/es\/wp-json\/wp\/v2\/tags?post=2981"}],"curies":[{"name":"wp","href":"https:\/\/api.w.org\/{rel}","templated":true}]}}