{"id":3042,"date":"2023-12-05T14:31:22","date_gmt":"2023-12-05T17:31:22","guid":{"rendered":"https:\/\/conslaplata.esteri.it\/news\/dal_consolato\/2023\/12\/sabato-9-dicembre-inaugurazione-mostra-versus-o-la-tregua-de-las-pasiones-ovvero-la-tregua-delle-passioni\/"},"modified":"2023-12-05T14:33:23","modified_gmt":"2023-12-05T17:33:23","slug":"sabato-9-dicembre-inaugurazione-mostra-versus-o-la-tregua-de-las-pasiones-ovvero-la-tregua-delle-passioni","status":"publish","type":"post","link":"https:\/\/conslaplata.esteri.it\/es\/news\/dal_consolato\/2023\/12\/sabato-9-dicembre-inaugurazione-mostra-versus-o-la-tregua-de-las-pasiones-ovvero-la-tregua-delle-passioni\/","title":{"rendered":"S\u00e1bado 9 de diciembre \u2013 Inauguraci\u00f3n muestra \u201cVersus o la tregua de las pasiones ovvero la tregua delle passioni\u201d"},"content":{"rendered":"<p>Con la colaboraci\u00f3n del Consulado General de Italia en La Plata el <strong>s\u00e1bado 9 de diciembre a las 19:00 horas<\/strong> se inaugurar\u00e1 en el <strong>MACLA<\/strong>, Museo de Arte Contempor\u00e1neo Latinoamericano de La Plata (Centro Cultural Pasaje Dardo Rocha, calle 50 entre 6 y 7) la muestra \u201c<strong>Versus o la tregua de las pasiones <em>ovvero la tregua delle passioni<\/em><\/strong>\u201d del artista pl\u00e1stico de origen italiano <strong>Gabriel Manzo<\/strong>.<\/p>\n<p><strong>La entrada es libre y gratuita.<\/strong><\/p>\n","protected":false},"excerpt":{"rendered":"Con la colaboraci\u00f3n del Consulado General de Italia en La Plata el s\u00e1bado 9 de diciembre a las 19:00 horas se inaugurar\u00e1 en el MACLA, Museo de Arte Contempor\u00e1neo Latinoamericano de La Plata (Centro Cultural Pasaje Dardo Rocha, calle 50 entre 6 y 7) la muestra \u201cVersus o la tregua de las pasiones ovvero la [&hellip;]","protected":false},"author":4,"featured_media":3036,"comment_status":"closed","ping_status":"closed","sticky":false,"template":"","format":"standard","meta":{"footnotes":""},"tags":[12,7],"class_list":["post-3042","post","type-post","status-publish","format-standard","has-post-thumbnail","hentry","tag-diplomazia-culturale","tag-italiani-nel-mondo"],"_links":{"self":[{"href":"https:\/\/conslaplata.esteri.it\/es\/wp-json\/wp\/v2\/posts\/3042","targetHints":{"allow":["GET"]}}],"collection":[{"href":"https:\/\/conslaplata.esteri.it\/es\/wp-json\/wp\/v2\/posts"}],"about":[{"href":"https:\/\/conslaplata.esteri.it\/es\/wp-json\/wp\/v2\/types\/post"}],"author":[{"embeddable":true,"href":"https:\/\/conslaplata.esteri.it\/es\/wp-json\/wp\/v2\/users\/4"}],"replies":[{"embeddable":true,"href":"https:\/\/conslaplata.esteri.it\/es\/wp-json\/wp\/v2\/comments?post=3042"}],"version-history":[{"count":1,"href":"https:\/\/conslaplata.esteri.it\/es\/wp-json\/wp\/v2\/posts\/3042\/revisions"}],"predecessor-version":[{"id":3044,"href":"https:\/\/conslaplata.esteri.it\/es\/wp-json\/wp\/v2\/posts\/3042\/revisions\/3044"}],"wp:featuredmedia":[{"embeddable":true,"href":"https:\/\/conslaplata.esteri.it\/es\/wp-json\/wp\/v2\/media\/3036"}],"wp:attachment":[{"href":"https:\/\/conslaplata.esteri.it\/es\/wp-json\/wp\/v2\/media?parent=3042"}],"wp:term":[{"taxonomy":"post_tag","embeddable":true,"href":"https:\/\/conslaplata.esteri.it\/es\/wp-json\/wp\/v2\/tags?post=3042"}],"curies":[{"name":"wp","href":"https:\/\/api.w.org\/{rel}","templated":true}]}}