{"id":3168,"date":"2024-01-26T14:26:30","date_gmt":"2024-01-26T17:26:30","guid":{"rendered":"https:\/\/conslaplata.esteri.it\/news\/dal_consolato\/2024\/01\/avviso-pubblico-aperto-rivolto-ai-medici-cittadini-u-e-ed-extra-u-e-per-incarichi-a-tempo-determinato\/"},"modified":"2024-01-26T14:48:18","modified_gmt":"2024-01-26T17:48:18","slug":"avviso-pubblico-aperto-rivolto-ai-medici-cittadini-u-e-ed-extra-u-e-per-incarichi-a-tempo-determinato","status":"publish","type":"post","link":"https:\/\/conslaplata.esteri.it\/es\/news\/dal_consolato\/2024\/01\/avviso-pubblico-aperto-rivolto-ai-medici-cittadini-u-e-ed-extra-u-e-per-incarichi-a-tempo-determinato\/","title":{"rendered":"Concurso p\u00fablico \u201cAbierto\u201d a m\u00e9dicos ciudadanos de la U.E. y extracomunitarios para ejercer temporalmente"},"content":{"rendered":"<p>La Regi\u00f3n Sicilia llam\u00f3 a <strong>concurso p\u00fablico \u201cabierto<\/strong> (se adjunta el\u00a0 pdf con la <a href=\"https:\/\/conslaplata.esteri.it\/wp-content\/uploads\/2024\/01\/Avviso-Regione-Siciliana-traduccion.pdf\"><strong>versi\u00f3n en castellano<\/strong> <\/a>que es copia fiel de la versi\u00f3n en italiano) con el objetivo de convocar a los m\u00e9dicos ciudadanos de la Uni\u00f3n Europea y extracomunitarios para ejercer temporalmente la profesi\u00f3n sanitaria de m\u00e9dico.<\/p>\n<p><a href=\"https:\/\/conslaplata.esteri.it\/wp-content\/uploads\/2024\/01\/Istanza-di-partecipazione-allegato-al-D.A.-n.-1197-del-27.11.2023-1.odt\"><strong>Modelo de solicitud de participaci\u00f3n<\/strong><\/a><\/p>\n<p><strong><br \/>\nM\u00e1s informaci\u00f3n: <\/strong><a href=\"https:\/\/www.regione.sicilia.it\/la-regione-informa\/avviso-pubblico-aperto-rivolto-ai-medici-cittadini-ue-ed-extra-ue-incarichi-tempo-determinato-diverse-discipline-enti-ssr\"><strong>regione.sicilia.it<\/strong><\/a><\/p>\n<p>&nbsp;<\/p>\n<p>&nbsp;<\/p>\n","protected":false},"excerpt":{"rendered":"La Regi\u00f3n Sicilia llam\u00f3 a concurso p\u00fablico \u201cabierto (se adjunta el\u00a0 pdf con la versi\u00f3n en castellano que es copia fiel de la versi\u00f3n en italiano) con el objetivo de convocar a los m\u00e9dicos ciudadanos de la Uni\u00f3n Europea y extracomunitarios para ejercer temporalmente la profesi\u00f3n sanitaria de m\u00e9dico. Modelo de solicitud de participaci\u00f3n M\u00e1s [&hellip;]","protected":false},"author":4,"featured_media":3155,"comment_status":"closed","ping_status":"closed","sticky":false,"template":"","format":"standard","meta":{"footnotes":""},"tags":[10,7,5],"class_list":["post-3168","post","type-post","status-publish","format-standard","has-post-thumbnail","hentry","tag-diplomazia-scientifica","tag-italiani-nel-mondo","tag-politica-estera"],"_links":{"self":[{"href":"https:\/\/conslaplata.esteri.it\/es\/wp-json\/wp\/v2\/posts\/3168","targetHints":{"allow":["GET"]}}],"collection":[{"href":"https:\/\/conslaplata.esteri.it\/es\/wp-json\/wp\/v2\/posts"}],"about":[{"href":"https:\/\/conslaplata.esteri.it\/es\/wp-json\/wp\/v2\/types\/post"}],"author":[{"embeddable":true,"href":"https:\/\/conslaplata.esteri.it\/es\/wp-json\/wp\/v2\/users\/4"}],"replies":[{"embeddable":true,"href":"https:\/\/conslaplata.esteri.it\/es\/wp-json\/wp\/v2\/comments?post=3168"}],"version-history":[{"count":6,"href":"https:\/\/conslaplata.esteri.it\/es\/wp-json\/wp\/v2\/posts\/3168\/revisions"}],"predecessor-version":[{"id":3191,"href":"https:\/\/conslaplata.esteri.it\/es\/wp-json\/wp\/v2\/posts\/3168\/revisions\/3191"}],"wp:featuredmedia":[{"embeddable":true,"href":"https:\/\/conslaplata.esteri.it\/es\/wp-json\/wp\/v2\/media\/3155"}],"wp:attachment":[{"href":"https:\/\/conslaplata.esteri.it\/es\/wp-json\/wp\/v2\/media?parent=3168"}],"wp:term":[{"taxonomy":"post_tag","embeddable":true,"href":"https:\/\/conslaplata.esteri.it\/es\/wp-json\/wp\/v2\/tags?post=3168"}],"curies":[{"name":"wp","href":"https:\/\/api.w.org\/{rel}","templated":true}]}}