{"id":3401,"date":"2024-03-14T10:29:22","date_gmt":"2024-03-14T13:29:22","guid":{"rendered":"https:\/\/conslaplata.esteri.it\/?p=3401"},"modified":"2024-03-14T10:49:40","modified_gmt":"2024-03-14T13:49:40","slug":"jueves-14-de-marzo-inauguracion-de-la-viii-jornada-del-diseno-italiano-en-el-mundo","status":"publish","type":"post","link":"https:\/\/conslaplata.esteri.it\/es\/news\/dal_consolato\/2024\/03\/jueves-14-de-marzo-inauguracion-de-la-viii-jornada-del-diseno-italiano-en-el-mundo\/","title":{"rendered":"Jueves 14 de marzo &#8211; Inauguraci\u00f3n de la VIII Jornada del Dise\u00f1o italiano en el mundo"},"content":{"rendered":"<p>Hoy 14 de marzo se llev\u00f3 a cabo en la Farnesina <strong>l<a href=\"https:\/\/www.youtube.com\/live\/9TUgY-HS2Xo?feature=shared\">a ceremonia de inauguraci\u00f3n de la VIII edici\u00f3n de la<\/a><\/strong> \u00a0<strong>Giornata del Design Italiano nel mondo<\/strong>, que lleva como t\u00edtulo \u201c<strong>Fabbricare valore &#8211; inclusivit\u00e0, innovazione e sostenibilit\u00e0\u201d.<\/strong><\/p>\n<p>El tema elegido para la edici\u00f3n 2024 es \u201c<strong>Fabbricare valore &#8211; inclusivit\u00e0, innovazione e sostenibilit\u00e0\u201d<\/strong> y nace de la necesidad de mostrar la sinergia entre las diferentes facetas del sector: desde la calidad, que es el eje conductor de la cadena productiva del dise\u00f1o italiano, a la energ\u00eda, que es el elemento que est\u00e1 en la base del proceso,\u00a0 incluyendo la sustentabilidad y el respeto por el ambiente, y a las personas que son el n\u00facleo central en torno al cual se conciben y desarrollan las ideas innovadoras con el fin de conjugar funcionalidad y bienestar.<\/p>\n<p>Para m\u00e1s informaci\u00f3n los invitamos a ingresar al sitio oficial de <a href=\"https:\/\/www.italiandesignday-official.it\/\"><strong>Italiandesign<\/strong>,<\/a> seguir su perfil oficial en Instagram <strong><a href=\"https:\/\/www.instagram.com\/italiandesignday_official\">@italiandesignday_official<\/a><\/strong>\u00a0y el canal de\u00a0<a href=\"https:\/\/www.youtube.com\/channel\/UCypct1_Y9Bx7Dn60ABmUdkg\"><strong>YouTube<\/strong><\/a>.<\/p>\n","protected":false},"excerpt":{"rendered":"Hoy 14 de marzo se llev\u00f3 a cabo en la Farnesina la ceremonia de inauguraci\u00f3n de la VIII edici\u00f3n de la \u00a0Giornata del Design Italiano nel mondo, que lleva como t\u00edtulo \u201cFabbricare valore &#8211; inclusivit\u00e0, innovazione e sostenibilit\u00e0\u201d. El tema elegido para la edici\u00f3n 2024 es \u201cFabbricare valore &#8211; inclusivit\u00e0, innovazione e sostenibilit\u00e0\u201d y nace [&hellip;]","protected":false},"author":4,"featured_media":3386,"comment_status":"closed","ping_status":"closed","sticky":false,"template":"","format":"standard","meta":{"footnotes":""},"tags":[12,7,5],"class_list":["post-3401","post","type-post","status-publish","format-standard","has-post-thumbnail","hentry","tag-diplomazia-culturale","tag-italiani-nel-mondo","tag-politica-estera"],"_links":{"self":[{"href":"https:\/\/conslaplata.esteri.it\/es\/wp-json\/wp\/v2\/posts\/3401","targetHints":{"allow":["GET"]}}],"collection":[{"href":"https:\/\/conslaplata.esteri.it\/es\/wp-json\/wp\/v2\/posts"}],"about":[{"href":"https:\/\/conslaplata.esteri.it\/es\/wp-json\/wp\/v2\/types\/post"}],"author":[{"embeddable":true,"href":"https:\/\/conslaplata.esteri.it\/es\/wp-json\/wp\/v2\/users\/4"}],"replies":[{"embeddable":true,"href":"https:\/\/conslaplata.esteri.it\/es\/wp-json\/wp\/v2\/comments?post=3401"}],"version-history":[{"count":2,"href":"https:\/\/conslaplata.esteri.it\/es\/wp-json\/wp\/v2\/posts\/3401\/revisions"}],"predecessor-version":[{"id":3404,"href":"https:\/\/conslaplata.esteri.it\/es\/wp-json\/wp\/v2\/posts\/3401\/revisions\/3404"}],"wp:featuredmedia":[{"embeddable":true,"href":"https:\/\/conslaplata.esteri.it\/es\/wp-json\/wp\/v2\/media\/3386"}],"wp:attachment":[{"href":"https:\/\/conslaplata.esteri.it\/es\/wp-json\/wp\/v2\/media?parent=3401"}],"wp:term":[{"taxonomy":"post_tag","embeddable":true,"href":"https:\/\/conslaplata.esteri.it\/es\/wp-json\/wp\/v2\/tags?post=3401"}],"curies":[{"name":"wp","href":"https:\/\/api.w.org\/{rel}","templated":true}]}}