{"id":3577,"date":"2024-06-03T15:32:29","date_gmt":"2024-06-03T18:32:29","guid":{"rendered":"https:\/\/conslaplata.esteri.it\/?p=3577"},"modified":"2024-06-03T17:23:05","modified_gmt":"2024-06-03T20:23:05","slug":"fiesta-de-la-republica-italiana","status":"publish","type":"post","link":"https:\/\/conslaplata.esteri.it\/es\/news\/dal_consolato\/2024\/06\/fiesta-de-la-republica-italiana\/","title":{"rendered":"FIESTA DE LA REP\u00daBLICA ITALIANA"},"content":{"rendered":"<p>El C\u00f3nsul General Pierluigi Schettino celebr\u00f3 ayer en Plaza Italia, junto al Intendente de la Ciudad de La Plata, Julio C\u00e9sar Alak, a los Presidentes de Failap, Comites y Feditalia, a muchos connacionales y representantes de la colectividad italiana, el 78.\u00b0 aniversario del nacimiento de la Rep\u00fablica Italiana.<\/p>\n","protected":false},"excerpt":{"rendered":"El C\u00f3nsul General Pierluigi Schettino celebr\u00f3 ayer en Plaza Italia, junto al Intendente de la Ciudad de La Plata, Julio C\u00e9sar Alak, a los Presidentes de Failap, Comites y Feditalia, a muchos connacionales y representantes de la colectividad italiana, el 78.\u00b0 aniversario del nacimiento de la Rep\u00fablica Italiana.","protected":false},"author":8,"featured_media":3572,"comment_status":"closed","ping_status":"closed","sticky":false,"template":"","format":"standard","meta":{"footnotes":""},"tags":[],"class_list":["post-3577","post","type-post","status-publish","format-standard","has-post-thumbnail","hentry"],"_links":{"self":[{"href":"https:\/\/conslaplata.esteri.it\/es\/wp-json\/wp\/v2\/posts\/3577","targetHints":{"allow":["GET"]}}],"collection":[{"href":"https:\/\/conslaplata.esteri.it\/es\/wp-json\/wp\/v2\/posts"}],"about":[{"href":"https:\/\/conslaplata.esteri.it\/es\/wp-json\/wp\/v2\/types\/post"}],"author":[{"embeddable":true,"href":"https:\/\/conslaplata.esteri.it\/es\/wp-json\/wp\/v2\/users\/8"}],"replies":[{"embeddable":true,"href":"https:\/\/conslaplata.esteri.it\/es\/wp-json\/wp\/v2\/comments?post=3577"}],"version-history":[{"count":1,"href":"https:\/\/conslaplata.esteri.it\/es\/wp-json\/wp\/v2\/posts\/3577\/revisions"}],"predecessor-version":[{"id":3579,"href":"https:\/\/conslaplata.esteri.it\/es\/wp-json\/wp\/v2\/posts\/3577\/revisions\/3579"}],"wp:featuredmedia":[{"embeddable":true,"href":"https:\/\/conslaplata.esteri.it\/es\/wp-json\/wp\/v2\/media\/3572"}],"wp:attachment":[{"href":"https:\/\/conslaplata.esteri.it\/es\/wp-json\/wp\/v2\/media?parent=3577"}],"wp:term":[{"taxonomy":"post_tag","embeddable":true,"href":"https:\/\/conslaplata.esteri.it\/es\/wp-json\/wp\/v2\/tags?post=3577"}],"curies":[{"name":"wp","href":"https:\/\/api.w.org\/{rel}","templated":true}]}}