{"id":4138,"date":"2024-10-08T12:20:46","date_gmt":"2024-10-08T15:20:46","guid":{"rendered":"https:\/\/conslaplata.esteri.it\/?p=4138"},"modified":"2024-10-08T12:25:46","modified_gmt":"2024-10-08T15:25:46","slug":"italia-in-piazza-una-fiesta-inolvidable","status":"publish","type":"post","link":"https:\/\/conslaplata.esteri.it\/es\/news\/dal_consolato\/2024\/10\/italia-in-piazza-una-fiesta-inolvidable\/","title":{"rendered":"ITALIA IN PIAZZA: \u00a1UNA FIESTA INOLVIDABLE!"},"content":{"rendered":"<p>\u00a1El pasado domingo, la plaza Moreno se llen\u00f3 de colores, sonidos y sabores italianos en una jornada dedicada a nuestra querida Italia!<\/p>\n<p>El C\u00f3nsul General en La Plata, Pierluigi Schettino particip\u00f3 del evento junto al Intendente de La Plata Julio Alak, los Presidentes de Comites, Feditalia, Failap y otras instituciones italianas, compartiendo momentos de gran emoci\u00f3n con todos los participantes. \u00a1Gracias a todos por hacer de este d\u00eda un gran evento de cultura, tradici\u00f3n y amistad!<\/p>\n<p><img loading=\"lazy\" decoding=\"async\" class=\"aligncenter size-medium wp-image-4124 img-fluid\" src=\"https:\/\/conslaplata.esteri.it\/wp-content\/uploads\/2024\/10\/PIAZZA1-300x200.jpg\" alt=\"\" width=\"300\" height=\"200\" srcset=\"https:\/\/conslaplata.esteri.it\/wp-content\/uploads\/2024\/10\/PIAZZA1-300x200.jpg 300w, https:\/\/conslaplata.esteri.it\/wp-content\/uploads\/2024\/10\/PIAZZA1-1024x682.jpg 1024w, https:\/\/conslaplata.esteri.it\/wp-content\/uploads\/2024\/10\/PIAZZA1-768x512.jpg 768w, https:\/\/conslaplata.esteri.it\/wp-content\/uploads\/2024\/10\/PIAZZA1.jpg 1546w\" sizes=\"auto, (max-width: 300px) 100vw, 300px\" \/><img loading=\"lazy\" decoding=\"async\" class=\"aligncenter size-medium wp-image-4123 img-fluid\" src=\"https:\/\/conslaplata.esteri.it\/wp-content\/uploads\/2024\/10\/PIAZZA-4-300x200.jpg\" alt=\"\" width=\"300\" height=\"200\" srcset=\"https:\/\/conslaplata.esteri.it\/wp-content\/uploads\/2024\/10\/PIAZZA-4-300x200.jpg 300w, https:\/\/conslaplata.esteri.it\/wp-content\/uploads\/2024\/10\/PIAZZA-4-1024x683.jpg 1024w, https:\/\/conslaplata.esteri.it\/wp-content\/uploads\/2024\/10\/PIAZZA-4-768x512.jpg 768w, https:\/\/conslaplata.esteri.it\/wp-content\/uploads\/2024\/10\/PIAZZA-4.jpg 1599w\" sizes=\"auto, (max-width: 300px) 100vw, 300px\" \/><img loading=\"lazy\" decoding=\"async\" class=\"aligncenter size-medium wp-image-4120 img-fluid\" src=\"https:\/\/conslaplata.esteri.it\/wp-content\/uploads\/2024\/10\/PIAZZA-3-300x200.jpg\" alt=\"\" width=\"300\" height=\"200\" srcset=\"https:\/\/conslaplata.esteri.it\/wp-content\/uploads\/2024\/10\/PIAZZA-3-300x200.jpg 300w, https:\/\/conslaplata.esteri.it\/wp-content\/uploads\/2024\/10\/PIAZZA-3-1024x683.jpg 1024w, https:\/\/conslaplata.esteri.it\/wp-content\/uploads\/2024\/10\/PIAZZA-3-768x512.jpg 768w, https:\/\/conslaplata.esteri.it\/wp-content\/uploads\/2024\/10\/PIAZZA-3.jpg 1599w\" sizes=\"auto, (max-width: 300px) 100vw, 300px\" \/><img loading=\"lazy\" decoding=\"async\" class=\"aligncenter size-medium wp-image-4132 img-fluid\" src=\"https:\/\/conslaplata.esteri.it\/wp-content\/uploads\/2024\/10\/PIAZZA-5-300x200.jpg\" alt=\"\" width=\"300\" height=\"200\" srcset=\"https:\/\/conslaplata.esteri.it\/wp-content\/uploads\/2024\/10\/PIAZZA-5-300x200.jpg 300w, https:\/\/conslaplata.esteri.it\/wp-content\/uploads\/2024\/10\/PIAZZA-5-1024x683.jpg 1024w, https:\/\/conslaplata.esteri.it\/wp-content\/uploads\/2024\/10\/PIAZZA-5-768x512.jpg 768w, https:\/\/conslaplata.esteri.it\/wp-content\/uploads\/2024\/10\/PIAZZA-5.jpg 1530w\" sizes=\"auto, (max-width: 300px) 100vw, 300px\" \/><\/p>\n","protected":false},"excerpt":{"rendered":"\u00a1El pasado domingo, la plaza Moreno se llen\u00f3 de colores, sonidos y sabores italianos en una jornada dedicada a nuestra querida Italia! El C\u00f3nsul General en La Plata, Pierluigi Schettino particip\u00f3 del evento junto al Intendente de La Plata Julio Alak, los Presidentes de Comites, Feditalia, Failap y otras instituciones italianas, compartiendo momentos de gran [&hellip;]","protected":false},"author":11,"featured_media":4117,"comment_status":"closed","ping_status":"closed","sticky":false,"template":"","format":"standard","meta":{"footnotes":""},"tags":[],"class_list":["post-4138","post","type-post","status-publish","format-standard","has-post-thumbnail","hentry"],"_links":{"self":[{"href":"https:\/\/conslaplata.esteri.it\/es\/wp-json\/wp\/v2\/posts\/4138","targetHints":{"allow":["GET"]}}],"collection":[{"href":"https:\/\/conslaplata.esteri.it\/es\/wp-json\/wp\/v2\/posts"}],"about":[{"href":"https:\/\/conslaplata.esteri.it\/es\/wp-json\/wp\/v2\/types\/post"}],"author":[{"embeddable":true,"href":"https:\/\/conslaplata.esteri.it\/es\/wp-json\/wp\/v2\/users\/11"}],"replies":[{"embeddable":true,"href":"https:\/\/conslaplata.esteri.it\/es\/wp-json\/wp\/v2\/comments?post=4138"}],"version-history":[{"count":2,"href":"https:\/\/conslaplata.esteri.it\/es\/wp-json\/wp\/v2\/posts\/4138\/revisions"}],"predecessor-version":[{"id":4141,"href":"https:\/\/conslaplata.esteri.it\/es\/wp-json\/wp\/v2\/posts\/4138\/revisions\/4141"}],"wp:featuredmedia":[{"embeddable":true,"href":"https:\/\/conslaplata.esteri.it\/es\/wp-json\/wp\/v2\/media\/4117"}],"wp:attachment":[{"href":"https:\/\/conslaplata.esteri.it\/es\/wp-json\/wp\/v2\/media?parent=4138"}],"wp:term":[{"taxonomy":"post_tag","embeddable":true,"href":"https:\/\/conslaplata.esteri.it\/es\/wp-json\/wp\/v2\/tags?post=4138"}],"curies":[{"name":"wp","href":"https:\/\/api.w.org\/{rel}","templated":true}]}}