{"id":4196,"date":"2024-10-11T14:20:17","date_gmt":"2024-10-11T17:20:17","guid":{"rendered":"https:\/\/conslaplata.esteri.it\/?p=4196"},"modified":"2024-10-14T10:03:22","modified_gmt":"2024-10-14T13:03:22","slug":"xxiv-semana-de-la-lengua-italiana-en-el-mundo","status":"publish","type":"post","link":"https:\/\/conslaplata.esteri.it\/es\/news\/dal_consolato\/2024\/10\/xxiv-semana-de-la-lengua-italiana-en-el-mundo\/","title":{"rendered":"XXIV SEMANA DE LA LENGUA ITALIANA EN EL MUNDO"},"content":{"rendered":"<p>Programa de la XXIV Semana Mundial de la Lengua Italiana, organizada por el Consulado General de Italia en La Plata. Este a\u00f1o, del 14 al 20 de octubre, exploraremos el tema: \u00abEl italiano y el libro: el mundo entre l\u00edneas\u00bb, dedicado al v\u00ednculo entre lengua y literatura en el mundo contempor\u00e1neo. A trav\u00e9s de encuentros y conferencias realzaremos el libro como veh\u00edculo de conocimiento.<\/p>\n<p>\u00a1\u00danete a nosotros para celebrar nuestra lengua con un rico programa de eventos! #SLIM2024<\/p>\n<p>&nbsp;<\/p>\n","protected":false},"excerpt":{"rendered":"Programa de la XXIV Semana Mundial de la Lengua Italiana, organizada por el Consulado General de Italia en La Plata. Este a\u00f1o, del 14 al 20 de octubre, exploraremos el tema: \u00abEl italiano y el libro: el mundo entre l\u00edneas\u00bb, dedicado al v\u00ednculo entre lengua y literatura en el mundo contempor\u00e1neo. A trav\u00e9s de encuentros [&hellip;]","protected":false},"author":11,"featured_media":4199,"comment_status":"closed","ping_status":"closed","sticky":false,"template":"","format":"standard","meta":{"footnotes":""},"tags":[],"class_list":["post-4196","post","type-post","status-publish","format-standard","has-post-thumbnail","hentry"],"_links":{"self":[{"href":"https:\/\/conslaplata.esteri.it\/es\/wp-json\/wp\/v2\/posts\/4196","targetHints":{"allow":["GET"]}}],"collection":[{"href":"https:\/\/conslaplata.esteri.it\/es\/wp-json\/wp\/v2\/posts"}],"about":[{"href":"https:\/\/conslaplata.esteri.it\/es\/wp-json\/wp\/v2\/types\/post"}],"author":[{"embeddable":true,"href":"https:\/\/conslaplata.esteri.it\/es\/wp-json\/wp\/v2\/users\/11"}],"replies":[{"embeddable":true,"href":"https:\/\/conslaplata.esteri.it\/es\/wp-json\/wp\/v2\/comments?post=4196"}],"version-history":[{"count":1,"href":"https:\/\/conslaplata.esteri.it\/es\/wp-json\/wp\/v2\/posts\/4196\/revisions"}],"predecessor-version":[{"id":4197,"href":"https:\/\/conslaplata.esteri.it\/es\/wp-json\/wp\/v2\/posts\/4196\/revisions\/4197"}],"wp:featuredmedia":[{"embeddable":true,"href":"https:\/\/conslaplata.esteri.it\/es\/wp-json\/wp\/v2\/media\/4199"}],"wp:attachment":[{"href":"https:\/\/conslaplata.esteri.it\/es\/wp-json\/wp\/v2\/media?parent=4196"}],"wp:term":[{"taxonomy":"post_tag","embeddable":true,"href":"https:\/\/conslaplata.esteri.it\/es\/wp-json\/wp\/v2\/tags?post=4196"}],"curies":[{"name":"wp","href":"https:\/\/api.w.org\/{rel}","templated":true}]}}