{"id":4280,"date":"2024-11-15T11:26:52","date_gmt":"2024-11-15T14:26:52","guid":{"rendered":"https:\/\/conslaplata.esteri.it\/?p=4280"},"modified":"2024-11-15T11:29:56","modified_gmt":"2024-11-15T14:29:56","slug":"ix-semana-de-la-cocina-italiana-en-el-mundo","status":"publish","type":"post","link":"https:\/\/conslaplata.esteri.it\/es\/news\/dal_consolato\/2024\/11\/ix-semana-de-la-cocina-italiana-en-el-mundo\/","title":{"rendered":"IX SEMANA DE LA COCINA ITALIANA EN EL MUNDO"},"content":{"rendered":"<p>Del 16 al 22 de noviembre se celebra la IX Semana de la cocina italiana en el mundo, que este a\u00f1o tendr\u00e1 como tema central &#8216;Dieta mediterr\u00e1nea y cocina de ra\u00edces: salud y tradici\u00f3n&#8217;. Una oportunidad \u00fanica para descubrir la cocina italiana a trav\u00e9s de un viaje por sus sabores, tradiciones y beneficios para la salud. Descubre el programa de actos organizado por el Consulado General de Italia en La Plata en colaboraci\u00f3n con instituciones y asociaciones locales.<\/p>\n<p>&nbsp;<\/p>\n<p><img loading=\"lazy\" decoding=\"async\" class=\"aligncenter size-large wp-image-4266 img-fluid\" src=\"https:\/\/conslaplata.esteri.it\/wp-content\/uploads\/2024\/11\/volantino-spagnolo-pagina-2-723x1024.jpg\" alt=\"\" width=\"640\" height=\"906\" srcset=\"https:\/\/conslaplata.esteri.it\/wp-content\/uploads\/2024\/11\/volantino-spagnolo-pagina-2-723x1024.jpg 723w, https:\/\/conslaplata.esteri.it\/wp-content\/uploads\/2024\/11\/volantino-spagnolo-pagina-2-212x300.jpg 212w, https:\/\/conslaplata.esteri.it\/wp-content\/uploads\/2024\/11\/volantino-spagnolo-pagina-2-768x1087.jpg 768w, https:\/\/conslaplata.esteri.it\/wp-content\/uploads\/2024\/11\/volantino-spagnolo-pagina-2.jpg 904w\" sizes=\"auto, (max-width: 640px) 100vw, 640px\" \/><\/p>\n","protected":false},"excerpt":{"rendered":"Del 16 al 22 de noviembre se celebra la IX Semana de la cocina italiana en el mundo, que este a\u00f1o tendr\u00e1 como tema central &#8216;Dieta mediterr\u00e1nea y cocina de ra\u00edces: salud y tradici\u00f3n&#8217;. Una oportunidad \u00fanica para descubrir la cocina italiana a trav\u00e9s de un viaje por sus sabores, tradiciones y beneficios para la [&hellip;]","protected":false},"author":11,"featured_media":4261,"comment_status":"closed","ping_status":"closed","sticky":false,"template":"","format":"standard","meta":{"footnotes":""},"tags":[],"class_list":["post-4280","post","type-post","status-publish","format-standard","has-post-thumbnail","hentry"],"_links":{"self":[{"href":"https:\/\/conslaplata.esteri.it\/es\/wp-json\/wp\/v2\/posts\/4280","targetHints":{"allow":["GET"]}}],"collection":[{"href":"https:\/\/conslaplata.esteri.it\/es\/wp-json\/wp\/v2\/posts"}],"about":[{"href":"https:\/\/conslaplata.esteri.it\/es\/wp-json\/wp\/v2\/types\/post"}],"author":[{"embeddable":true,"href":"https:\/\/conslaplata.esteri.it\/es\/wp-json\/wp\/v2\/users\/11"}],"replies":[{"embeddable":true,"href":"https:\/\/conslaplata.esteri.it\/es\/wp-json\/wp\/v2\/comments?post=4280"}],"version-history":[{"count":2,"href":"https:\/\/conslaplata.esteri.it\/es\/wp-json\/wp\/v2\/posts\/4280\/revisions"}],"predecessor-version":[{"id":4286,"href":"https:\/\/conslaplata.esteri.it\/es\/wp-json\/wp\/v2\/posts\/4280\/revisions\/4286"}],"wp:featuredmedia":[{"embeddable":true,"href":"https:\/\/conslaplata.esteri.it\/es\/wp-json\/wp\/v2\/media\/4261"}],"wp:attachment":[{"href":"https:\/\/conslaplata.esteri.it\/es\/wp-json\/wp\/v2\/media?parent=4280"}],"wp:term":[{"taxonomy":"post_tag","embeddable":true,"href":"https:\/\/conslaplata.esteri.it\/es\/wp-json\/wp\/v2\/tags?post=4280"}],"curies":[{"name":"wp","href":"https:\/\/api.w.org\/{rel}","templated":true}]}}