{"id":4365,"date":"2024-12-12T10:38:59","date_gmt":"2024-12-12T13:38:59","guid":{"rendered":"https:\/\/conslaplata.esteri.it\/?p=4365"},"modified":"2024-12-12T10:41:48","modified_gmt":"2024-12-12T13:41:48","slug":"el-asistente-virtual-de-la-pagina-web-del-consulado-general-de-italia-en-la-plata-ya-esta-activo","status":"publish","type":"post","link":"https:\/\/conslaplata.esteri.it\/es\/news\/dal_consolato\/2024\/12\/el-asistente-virtual-de-la-pagina-web-del-consulado-general-de-italia-en-la-plata-ya-esta-activo\/","title":{"rendered":"El asistente virtual de la p\u00e1gina web del Consulado General de Italia en La Plata ya est\u00e1 activo."},"content":{"rendered":"<p>A partir de hoy el sitio web del Consulado se enriquece con una nueva herramienta de asistencia. Ya est\u00e1 activo el asistente virtual (\u00abchatbot\u00bb) de nuestro sitio web, un programa que simula una conversaci\u00f3n de chat y que, a trav\u00e9s de un recorrido preestablecido de preguntas y respuestas, podr\u00e1 guiar a los usuarios hacia la informaci\u00f3n que necesitan.<br \/>\nEl \u00abchatbot\u00bb podr\u00e1 responder a una amplia gama de preguntas, en particular sobre servicios consulares y las visas.<\/p>\n<p>La aplicaci\u00f3n est\u00e1 activa en el sitio web del Ministerio de Relaciones Exteriores y Cooperaci\u00f3n Internacional y en los sitios web de las oficinas diplom\u00e1ticas-consulares italianas, incluido el Consulado General de Italia en La Plata.<\/p>\n<p>\u00abEl Ministerio de Asuntos Exteriores no s\u00f3lo se ocupa de la pol\u00edtica exterior en sentido estricto. Prestamos una gama muy amplia de servicios a los usuarios tanto en la Farnesina como en las m\u00e1s de 200 oficinas diplom\u00e1tico-consulares italianas en todo el mundo\u00bb, afirm\u00f3 el Embajador Guariglia, que prob\u00f3 personalmente la aplicaci\u00f3n y record\u00f3 que \u201cel MAECI es una de las primeras administraciones italianas en dotarse de una herramienta de este tipo a gran escala, lo que demuestra la gran atenci\u00f3n que se presta a la innovaci\u00f3n digital y a la calidad de los servicios prestados a los usuarios\u201d.<\/p>\n<p>Tambi\u00e9n estuvieron presentes en el acto el Director General de Diplomacia P\u00fablica y Cultural, Alessandro De Pedys, y el Director General de Italianos en el Extranjero y Pol\u00edticas Migratorias, Alessandro De Pedys.<\/p>\n","protected":false},"excerpt":{"rendered":"A partir de hoy el sitio web del Consulado se enriquece con una nueva herramienta de asistencia. Ya est\u00e1 activo el asistente virtual (\u00abchatbot\u00bb) de nuestro sitio web, un programa que simula una conversaci\u00f3n de chat y que, a trav\u00e9s de un recorrido preestablecido de preguntas y respuestas, podr\u00e1 guiar a los usuarios hacia la [&hellip;]","protected":false},"author":11,"featured_media":4361,"comment_status":"closed","ping_status":"closed","sticky":false,"template":"","format":"standard","meta":{"footnotes":""},"tags":[],"class_list":["post-4365","post","type-post","status-publish","format-standard","has-post-thumbnail","hentry"],"_links":{"self":[{"href":"https:\/\/conslaplata.esteri.it\/es\/wp-json\/wp\/v2\/posts\/4365","targetHints":{"allow":["GET"]}}],"collection":[{"href":"https:\/\/conslaplata.esteri.it\/es\/wp-json\/wp\/v2\/posts"}],"about":[{"href":"https:\/\/conslaplata.esteri.it\/es\/wp-json\/wp\/v2\/types\/post"}],"author":[{"embeddable":true,"href":"https:\/\/conslaplata.esteri.it\/es\/wp-json\/wp\/v2\/users\/11"}],"replies":[{"embeddable":true,"href":"https:\/\/conslaplata.esteri.it\/es\/wp-json\/wp\/v2\/comments?post=4365"}],"version-history":[{"count":2,"href":"https:\/\/conslaplata.esteri.it\/es\/wp-json\/wp\/v2\/posts\/4365\/revisions"}],"predecessor-version":[{"id":4371,"href":"https:\/\/conslaplata.esteri.it\/es\/wp-json\/wp\/v2\/posts\/4365\/revisions\/4371"}],"wp:featuredmedia":[{"embeddable":true,"href":"https:\/\/conslaplata.esteri.it\/es\/wp-json\/wp\/v2\/media\/4361"}],"wp:attachment":[{"href":"https:\/\/conslaplata.esteri.it\/es\/wp-json\/wp\/v2\/media?parent=4365"}],"wp:term":[{"taxonomy":"post_tag","embeddable":true,"href":"https:\/\/conslaplata.esteri.it\/es\/wp-json\/wp\/v2\/tags?post=4365"}],"curies":[{"name":"wp","href":"https:\/\/api.w.org\/{rel}","templated":true}]}}