{"id":4540,"date":"2025-01-27T10:38:52","date_gmt":"2025-01-27T13:38:52","guid":{"rendered":"https:\/\/conslaplata.esteri.it\/?p=4540"},"modified":"2025-01-27T10:39:13","modified_gmt":"2025-01-27T13:39:13","slug":"dia-de-la-memoria","status":"publish","type":"post","link":"https:\/\/conslaplata.esteri.it\/es\/news\/dal_consolato\/2025\/01\/dia-de-la-memoria\/","title":{"rendered":"D\u00cdA DE LA MEMORIA"},"content":{"rendered":"<p>Con motivo de la conmemoraci\u00f3n del D\u00eda de la Memoria, video mensaje del Vice Presidente del Consejo de Ministros y Ministro de Asuntos Exteriores y de la Cooperaci\u00f3n Internacional, On. Antonio Tajani:<\/p>\n<p><a href=\"https:\/\/transfer.esteri.it\/index.php\/s\/ioxyoSHrgrdcELE\" target=\"_blank\" rel=\"noopener\">https:\/\/transfer.esteri.it\/index.php\/s\/ioxyoSHrgrdcELE<\/a><\/p>\n<p>&nbsp;<\/p>\n","protected":false},"excerpt":{"rendered":"Con motivo de la conmemoraci\u00f3n del D\u00eda de la Memoria, video mensaje del Vice Presidente del Consejo de Ministros y Ministro de Asuntos Exteriores y de la Cooperaci\u00f3n Internacional, On. Antonio Tajani: https:\/\/transfer.esteri.it\/index.php\/s\/ioxyoSHrgrdcELE &nbsp;","protected":false},"author":8,"featured_media":4530,"comment_status":"closed","ping_status":"closed","sticky":false,"template":"","format":"standard","meta":{"footnotes":""},"tags":[],"class_list":["post-4540","post","type-post","status-publish","format-standard","has-post-thumbnail","hentry"],"_links":{"self":[{"href":"https:\/\/conslaplata.esteri.it\/es\/wp-json\/wp\/v2\/posts\/4540","targetHints":{"allow":["GET"]}}],"collection":[{"href":"https:\/\/conslaplata.esteri.it\/es\/wp-json\/wp\/v2\/posts"}],"about":[{"href":"https:\/\/conslaplata.esteri.it\/es\/wp-json\/wp\/v2\/types\/post"}],"author":[{"embeddable":true,"href":"https:\/\/conslaplata.esteri.it\/es\/wp-json\/wp\/v2\/users\/8"}],"replies":[{"embeddable":true,"href":"https:\/\/conslaplata.esteri.it\/es\/wp-json\/wp\/v2\/comments?post=4540"}],"version-history":[{"count":2,"href":"https:\/\/conslaplata.esteri.it\/es\/wp-json\/wp\/v2\/posts\/4540\/revisions"}],"predecessor-version":[{"id":4544,"href":"https:\/\/conslaplata.esteri.it\/es\/wp-json\/wp\/v2\/posts\/4540\/revisions\/4544"}],"wp:featuredmedia":[{"embeddable":true,"href":"https:\/\/conslaplata.esteri.it\/es\/wp-json\/wp\/v2\/media\/4530"}],"wp:attachment":[{"href":"https:\/\/conslaplata.esteri.it\/es\/wp-json\/wp\/v2\/media?parent=4540"}],"wp:term":[{"taxonomy":"post_tag","embeddable":true,"href":"https:\/\/conslaplata.esteri.it\/es\/wp-json\/wp\/v2\/tags?post=4540"}],"curies":[{"name":"wp","href":"https:\/\/api.w.org\/{rel}","templated":true}]}}