{"id":4660,"date":"2025-03-13T15:08:15","date_gmt":"2025-03-13T18:08:15","guid":{"rendered":"https:\/\/conslaplata.esteri.it\/?p=4660"},"modified":"2025-03-13T15:08:31","modified_gmt":"2025-03-13T18:08:31","slug":"segunda-edicion-del-programa-de-formacion-i-act-convocatoria-publicada-por-irena-para-la-seleccion-de-jovenes-formadores","status":"publish","type":"post","link":"https:\/\/conslaplata.esteri.it\/es\/news\/dal_consolato\/2025\/03\/segunda-edicion-del-programa-de-formacion-i-act-convocatoria-publicada-por-irena-para-la-seleccion-de-jovenes-formadores\/","title":{"rendered":"Segunda edici\u00f3n del programa de formaci\u00f3n \u201cI ACT\u201d. Convocatoria publicada por IRENA para la selecci\u00f3n de j\u00f3venes formadores."},"content":{"rendered":"<p>En el transcurso del a\u00f1o tendr\u00e1 lugar la segunda edici\u00f3n del programa de formaci\u00f3n \u00abI ACT\u00bb sobre transici\u00f3n energ\u00e9tica y cambio clim\u00e1tico. El programa incluye una \u201cToolkit\u201d elaborada por IRENA (Agencia Internacional de Energ\u00edas Renovables) que contiene varios m\u00f3dulos sobre temas como las tendencias mundiales del cambio clim\u00e1tico o el papel de las energ\u00edas renovables en la transici\u00f3n ecol\u00f3gica.<\/p>\n<p>El programa prev\u00e9 dos fases: en la primera IRENA seleccionar\u00e1, a trav\u00e9s de una convocatoria, a un grupo de j\u00f3venes de diferentes zonas geogr\u00e1ficas para que reciban formaci\u00f3n directa de la Agencia a trav\u00e9s del \u00abToolkit\u00bb. En la segunda fase, los j\u00f3venes seleccionados transferir\u00e1n los conocimientos adquiridos a j\u00f3venes aspirantes a l\u00edderes en sus pa\u00edses de origen a trav\u00e9s de eventos de formaci\u00f3n espec\u00edficos. Esto se har\u00e1 utilizando los materiales did\u00e1cticos proporcionados por IRENA.<\/p>\n<p>La convocatoria publicada por IRENA para la selecci\u00f3n de j\u00f3venes formadores est\u00e1 disponible <a href=\"https:\/\/fs27.formsite.com\/qFthFD\/qyzn7dtxjm\/index\" target=\"_blank\" rel=\"noopener\">AQU\u00cd<\/a>.<\/p>\n<p>La fecha l\u00edmite para la presentaci\u00f3n de candidaturas es el <span style=\"text-decoration: underline;\">21 de marzo de 2025<\/span>.<\/p>\n<p>Se adjunta un texto est\u00e1ndar en ingl\u00e9s en el que se describe el <a href=\"https:\/\/conslaplata.esteri.it\/wp-content\/uploads\/2025\/03\/Programma.pdf\" target=\"_blank\" rel=\"noopener\">PROGRAMA<\/a>.<\/p>\n","protected":false},"excerpt":{"rendered":"En el transcurso del a\u00f1o tendr\u00e1 lugar la segunda edici\u00f3n del programa de formaci\u00f3n \u00abI ACT\u00bb sobre transici\u00f3n energ\u00e9tica y cambio clim\u00e1tico. El programa incluye una \u201cToolkit\u201d elaborada por IRENA (Agencia Internacional de Energ\u00edas Renovables) que contiene varios m\u00f3dulos sobre temas como las tendencias mundiales del cambio clim\u00e1tico o el papel de las energ\u00edas renovables [&hellip;]","protected":false},"author":8,"featured_media":4649,"comment_status":"closed","ping_status":"closed","sticky":false,"template":"","format":"standard","meta":{"footnotes":""},"tags":[],"class_list":["post-4660","post","type-post","status-publish","format-standard","has-post-thumbnail","hentry"],"_links":{"self":[{"href":"https:\/\/conslaplata.esteri.it\/es\/wp-json\/wp\/v2\/posts\/4660","targetHints":{"allow":["GET"]}}],"collection":[{"href":"https:\/\/conslaplata.esteri.it\/es\/wp-json\/wp\/v2\/posts"}],"about":[{"href":"https:\/\/conslaplata.esteri.it\/es\/wp-json\/wp\/v2\/types\/post"}],"author":[{"embeddable":true,"href":"https:\/\/conslaplata.esteri.it\/es\/wp-json\/wp\/v2\/users\/8"}],"replies":[{"embeddable":true,"href":"https:\/\/conslaplata.esteri.it\/es\/wp-json\/wp\/v2\/comments?post=4660"}],"version-history":[{"count":3,"href":"https:\/\/conslaplata.esteri.it\/es\/wp-json\/wp\/v2\/posts\/4660\/revisions"}],"predecessor-version":[{"id":4665,"href":"https:\/\/conslaplata.esteri.it\/es\/wp-json\/wp\/v2\/posts\/4660\/revisions\/4665"}],"wp:featuredmedia":[{"embeddable":true,"href":"https:\/\/conslaplata.esteri.it\/es\/wp-json\/wp\/v2\/media\/4649"}],"wp:attachment":[{"href":"https:\/\/conslaplata.esteri.it\/es\/wp-json\/wp\/v2\/media?parent=4660"}],"wp:term":[{"taxonomy":"post_tag","embeddable":true,"href":"https:\/\/conslaplata.esteri.it\/es\/wp-json\/wp\/v2\/tags?post=4660"}],"curies":[{"name":"wp","href":"https:\/\/api.w.org\/{rel}","templated":true}]}}