{"id":4708,"date":"2025-03-25T15:58:42","date_gmt":"2025-03-25T18:58:42","guid":{"rendered":"https:\/\/conslaplata.esteri.it\/?p=4708"},"modified":"2025-03-25T16:06:53","modified_gmt":"2025-03-25T19:06:53","slug":"becas-de-estudio-para-la-academia-de-artes-y-oficios-del-espectaculo-del-teatro-alla-scala","status":"publish","type":"post","link":"https:\/\/conslaplata.esteri.it\/es\/news\/dal_consolato\/2025\/03\/becas-de-estudio-para-la-academia-de-artes-y-oficios-del-espectaculo-del-teatro-alla-scala\/","title":{"rendered":"BECAS DE ESTUDIO PARA LA ACADEMIA DE ARTES Y OFICIOS DEL ESPECT\u00c1CULO DEL TEATRO ALLA SCALA"},"content":{"rendered":"<p>La \u00abAccademia d&#8217;Arti e Mestieri dello Spettacolo Teatro alla Scala\u00bb ha abierto las selecciones para el <a href=\"https:\/\/www.accademialascala.it\/musica\/corso-per-cantanti-lirici\" target=\"_blank\" rel=\"noopener\">curso de prefeccionamiento para cantantes de \u00f3pera<\/a>\u00a0 de la duraci\u00f3n de dos a\u00f1os, y para el \u00ab<a href=\"https:\/\/www.accademialascala.it\/management\/master-in-performing-arts-management\" target=\"_blank\" rel=\"noopener\">Global Master in Performing Arts Management<\/a>\u00bb, de un a\u00f1o de. Para el curso, est\u00e1n abiertas hasta el 9 de abril, mientras que para el m\u00e1ster est\u00e1n abiertas hasta el 1 de octubre para los ciudadanos de los Estados miembros de la UE, y hasta el 17 de septiembre para los ciudadanos de otros pa\u00edses.<\/p>\n<p>En beneficio de los alumnos del curso de cantantes de \u00f3pera, la Academia otorga una beca de 900,00 euros mensuales. La Asociaci\u00f3n \u00abGianluca Spina\u00bb del Polit\u00e9cnico de Mil\u00e1n concede tres becas a tres estudiantes meritorios del curso de M\u00e1ster. Adem\u00e1s de estas becas, el MAECI otorga becas a los estudiantes extranjeros m\u00e1s meritorios sobre la base de un acuerdo especial anual firmado con la Academia.<\/p>\n<p>Para mas informaci\u00f3n:<\/p>\n<p><a href=\"https:\/\/www.esteri.it\/it\/opportunita\/borse-di-studio\/per-cittadini-stranieri\/progetti-speciali\/accademia_teatro_alla_scala\/\" target=\"_blank\" rel=\"noopener\">Ministero degli affari esteri e della Cooperazione internazionale<\/a><\/p>\n<p><a href=\"https:\/\/conslaplata.esteri.it\/wp-content\/uploads\/2025\/03\/Fascicolo-illustrativo-Master-PAM-2025-2026_compresso_PT2.pdf\" target=\"_blank\" rel=\"noopener\">Fascicolo-illustrativo-Master-PAM-2025-2026_compresso_PT2<\/a><\/p>\n<p><a href=\"https:\/\/conslaplata.esteri.it\/wp-content\/uploads\/2025\/03\/Fascicolo-illustrativo-Master-PAM-2025-2026_compresso_PT1.pdf\" target=\"_blank\" rel=\"noopener\">Fascicolo illustrativo Master PAM 2025 &#8211; 2026_compresso_PT1<\/a><\/p>\n<p><a href=\"https:\/\/conslaplata.esteri.it\/wp-content\/uploads\/2025\/03\/cantanti-lirici-25.pdf\" target=\"_blank\" rel=\"noopener\">cantanti-lirici-25<\/a><\/p>\n<p><a href=\"https:\/\/conslaplata.esteri.it\/wp-content\/uploads\/2025\/03\/lyric-opera-25.pdf\" target=\"_blank\" rel=\"noopener\">lyric-opera-25<\/a><\/p>\n","protected":false},"excerpt":{"rendered":"La \u00abAccademia d&#8217;Arti e Mestieri dello Spettacolo Teatro alla Scala\u00bb ha abierto las selecciones para el curso de prefeccionamiento para cantantes de \u00f3pera\u00a0 de la duraci\u00f3n de dos a\u00f1os, y para el \u00abGlobal Master in Performing Arts Management\u00bb, de un a\u00f1o de. Para el curso, est\u00e1n abiertas hasta el 9 de abril, mientras que para [&hellip;]","protected":false},"author":8,"featured_media":4672,"comment_status":"closed","ping_status":"closed","sticky":false,"template":"","format":"standard","meta":{"footnotes":""},"tags":[],"class_list":["post-4708","post","type-post","status-publish","format-standard","has-post-thumbnail","hentry"],"_links":{"self":[{"href":"https:\/\/conslaplata.esteri.it\/es\/wp-json\/wp\/v2\/posts\/4708","targetHints":{"allow":["GET"]}}],"collection":[{"href":"https:\/\/conslaplata.esteri.it\/es\/wp-json\/wp\/v2\/posts"}],"about":[{"href":"https:\/\/conslaplata.esteri.it\/es\/wp-json\/wp\/v2\/types\/post"}],"author":[{"embeddable":true,"href":"https:\/\/conslaplata.esteri.it\/es\/wp-json\/wp\/v2\/users\/8"}],"replies":[{"embeddable":true,"href":"https:\/\/conslaplata.esteri.it\/es\/wp-json\/wp\/v2\/comments?post=4708"}],"version-history":[{"count":4,"href":"https:\/\/conslaplata.esteri.it\/es\/wp-json\/wp\/v2\/posts\/4708\/revisions"}],"predecessor-version":[{"id":4716,"href":"https:\/\/conslaplata.esteri.it\/es\/wp-json\/wp\/v2\/posts\/4708\/revisions\/4716"}],"wp:featuredmedia":[{"embeddable":true,"href":"https:\/\/conslaplata.esteri.it\/es\/wp-json\/wp\/v2\/media\/4672"}],"wp:attachment":[{"href":"https:\/\/conslaplata.esteri.it\/es\/wp-json\/wp\/v2\/media?parent=4708"}],"wp:term":[{"taxonomy":"post_tag","embeddable":true,"href":"https:\/\/conslaplata.esteri.it\/es\/wp-json\/wp\/v2\/tags?post=4708"}],"curies":[{"name":"wp","href":"https:\/\/api.w.org\/{rel}","templated":true}]}}