{"id":6603,"date":"2026-01-27T10:48:31","date_gmt":"2026-01-27T13:48:31","guid":{"rendered":"https:\/\/conslaplata.esteri.it\/?p=6603"},"modified":"2026-01-27T11:43:39","modified_gmt":"2026-01-27T14:43:39","slug":"conmemoracion-del-dia-de-la-memoria","status":"publish","type":"post","link":"https:\/\/conslaplata.esteri.it\/es\/news\/dal_consolato\/2026\/01\/conmemoracion-del-dia-de-la-memoria\/","title":{"rendered":"Conmemoraci\u00f3n del D\u00eda de la Memoria"},"content":{"rendered":"<p>Con motivo de la conmemoraci\u00f3n del D\u00eda de la Memoria, que se celebra cada a\u00f1o el 27 de enero, se publican un mensaje en v\u00eddeo grabado por el vicepresidente del Consejo de Ministros y ministro de Asuntos Exteriores y Cooperaci\u00f3n Internacional, Antonio Tajani, as\u00ed como el texto del discurso.<\/p>\n<p><a href=\"https:\/\/conslaplata.esteri.it\/wp-content\/uploads\/2026\/01\/Testo-del-discorso-Giorno-della-Memoria.pdf\" target=\"_blank\" rel=\"noopener\">Testo del messaggio<\/a><\/p>\n<p><a href=\"https:\/\/youtu.be\/3T7ImYlGyT4\" target=\"_blank\" rel=\"noopener\">Video messaggio<\/a><\/p>\n","protected":false},"excerpt":{"rendered":"Con motivo de la conmemoraci\u00f3n del D\u00eda de la Memoria, que se celebra cada a\u00f1o el 27 de enero, se publican un mensaje en v\u00eddeo grabado por el vicepresidente del Consejo de Ministros y ministro de Asuntos Exteriores y Cooperaci\u00f3n Internacional, Antonio Tajani, as\u00ed como el texto del discurso. Testo del messaggio Video messaggio","protected":false},"author":8,"featured_media":6591,"comment_status":"closed","ping_status":"closed","sticky":false,"template":"","format":"standard","meta":{"footnotes":""},"tags":[],"class_list":["post-6603","post","type-post","status-publish","format-standard","has-post-thumbnail","hentry"],"_links":{"self":[{"href":"https:\/\/conslaplata.esteri.it\/es\/wp-json\/wp\/v2\/posts\/6603","targetHints":{"allow":["GET"]}}],"collection":[{"href":"https:\/\/conslaplata.esteri.it\/es\/wp-json\/wp\/v2\/posts"}],"about":[{"href":"https:\/\/conslaplata.esteri.it\/es\/wp-json\/wp\/v2\/types\/post"}],"author":[{"embeddable":true,"href":"https:\/\/conslaplata.esteri.it\/es\/wp-json\/wp\/v2\/users\/8"}],"replies":[{"embeddable":true,"href":"https:\/\/conslaplata.esteri.it\/es\/wp-json\/wp\/v2\/comments?post=6603"}],"version-history":[{"count":2,"href":"https:\/\/conslaplata.esteri.it\/es\/wp-json\/wp\/v2\/posts\/6603\/revisions"}],"predecessor-version":[{"id":6615,"href":"https:\/\/conslaplata.esteri.it\/es\/wp-json\/wp\/v2\/posts\/6603\/revisions\/6615"}],"wp:featuredmedia":[{"embeddable":true,"href":"https:\/\/conslaplata.esteri.it\/es\/wp-json\/wp\/v2\/media\/6591"}],"wp:attachment":[{"href":"https:\/\/conslaplata.esteri.it\/es\/wp-json\/wp\/v2\/media?parent=6603"}],"wp:term":[{"taxonomy":"post_tag","embeddable":true,"href":"https:\/\/conslaplata.esteri.it\/es\/wp-json\/wp\/v2\/tags?post=6603"}],"curies":[{"name":"wp","href":"https:\/\/api.w.org\/{rel}","templated":true}]}}