{"id":1826,"date":"2018-06-05T16:55:11","date_gmt":"2018-06-05T19:55:11","guid":{"rendered":"https:\/\/conslaplata.esteri.it\/news\/dal_consolato\/2018\/06\/02-giugno-2018-celebrazioni-del\/"},"modified":"2018-06-05T16:55:11","modified_gmt":"2018-06-05T19:55:11","slug":"02-giugno-2018-celebrazioni-del","status":"publish","type":"post","link":"https:\/\/conslaplata.esteri.it\/it\/news\/dal_consolato\/2018\/06\/02-giugno-2018-celebrazioni-del\/","title":{"rendered":"02 giugno 2018 &#8211; Celebrazioni del 72\u00b0 Anniversario della Repubblica Italiana presso il Municipio di La Plata"},"content":{"rendered":"<p>Lo scorso 2 giugno presso il Municipio di La Plata \u00e8 stato celebrato il 72\u00b0 anniversario della Repubblica Italiana. Come da tradizione, la cerimonia si \u00e8 svolta alla presenza di numerosi connazionali provenienti da tutta la circoscrizione consolare, di Autorit\u00e0 di governo, di personale militare e diplomatico nonch\u00e9 di esponenti del mondo della cultura, dell&#8217;economia e della societ\u00e0 civile argentina.<\/p>\n<p>Nel suo discorso il Console Generale,<strong> Iacopo Foti<\/strong>, ha ricordato il profondo significato della ricorrenza ed ha tracciato un bilancio della sua gestione iniziata quattro anni fa sottolineando come in questo periodo le relazioni tra Italia ed Argentina si siano intensificate e come la citt\u00e0 di La Plata, proclamata recentemente dal Governo della Provincia di Buenos Aires quale \u201c<a href=\"..\/Consolato_LaPlata\/it\/la_comunicazione\/dal-consolato\/2017\/09\/6-settembre-2017-cerimonia-per.html\"><strong>Capitale dell\u2019Immigrante Italiano<\/strong><\/a>\u201d, sia stata la cornice di numerosi eventi ed iniziative culturali. In rappresentanza del Sindaco di La Plata \u00e8 intervenuto il Consigliere <strong>Claudio Frangul<\/strong> che ha rimarcato l\u2019importanza della collettivit\u00e0 italiana nella storia della citt\u00e0, dalla sua fondazione sino ad oggi, sottolineandone la specialit\u00e0 all\u2019interno della Provincia d Buenos Aires.<\/p>\n<p>Nel corso della serata il Console Generale, accompagnato dal Console Aggiunto <strong>Rosario Grenci<\/strong>, ha consegnato in nome e per conto del Presidente della Repubblica, Sergio Mattarella, all\u2019Avv. <strong>Giuliano Brandi<\/strong> e all\u2019Ing. <strong>Daniel Gasparetti<\/strong> l\u2019onorificenza di Cavaliere dell\u2019Ordine della Stella d\u2019Italia (OSI) quale riconoscimento per il prezioso lavoro svolto all\u2019interno dell\u2019associazionismo italiano.<\/p>\n<p>La cerimonia si \u00e8 conclusa con l&#8217;esibizione dal vivo del tenore <strong>Juan Pablo Skrt<\/strong> che ha eseguito dei classici della lirica italiana e di quella del coro degli Alpini di La Plata. Le celebrazioni sono terminate con un ricevimento offerto dal Consolato Generale presso i locali della Municipalit\u00e0 di La Plata.<\/p>\n<p>\u00a0<\/p>\n<p>\u00a0 \u00a0 \u00a0 \u00a0 \u00a0 \u00a0<a href=\"resource\/img\/2018\/06\/001.jpg\"><img decoding=\"async\" src=\"resource\/img\/2018\/06\/001piccola.jpg\" alt=\"001piccola\" \/><\/a>\u00a0 \u00a0 \u00a0 \u00a0 \u00a0 \u00a0 <a href=\"resource\/img\/2018\/06\/002.jpg\"><img decoding=\"async\" src=\"resource\/img\/2018\/06\/002_piccola.jpg\" alt=\"002 piccola\" \/><\/a>\u00a0 \u00a0 \u00a0 \u00a0 \u00a0 \u00a0\u00a0<a href=\"resource\/img\/2018\/06\/003.jpg\"><img decoding=\"async\" src=\"resource\/img\/2018\/06\/003_piccola.jpg\" alt=\"003 piccola\" \/><\/a>\u00a0<\/p>\n<p>\u00a0<\/p>\n<p>\u00a0 \u00a0 \u00a0 \u00a0 \u00a0 \u00a0<a href=\"resource\/img\/2018\/06\/004.jpg\"><img decoding=\"async\" src=\"resource\/img\/2018\/06\/004_piccola.jpg\" alt=\"004 piccola\" \/><\/a>\u00a0 \u00a0 \u00a0 \u00a0 \u00a0 \u00a0 \u00a0<a href=\"resource\/img\/2018\/06\/005.jpg\"><img decoding=\"async\" src=\"resource\/img\/2018\/06\/005_piccola.jpg\" alt=\"005 piccola\" \/><\/a>\u00a0 \u00a0 \u00a0 \u00a0 \u00a0 \u00a0<a href=\"resource\/img\/2018\/06\/006.jpg\"><img decoding=\"async\" src=\"resource\/img\/2018\/06\/006_piccola.jpg\" alt=\"006 piccola\" \/><\/a><\/p>\n<p>\u00a0<\/p>\n<p>\u00a0 \u00a0 \u00a0 \u00a0 \u00a0 \u00a0<a href=\"resource\/img\/2018\/06\/007.jpg\"><img decoding=\"async\" src=\"resource\/img\/2018\/06\/007_piccola.jpg\" alt=\"007 piccola\" \/><\/a>\u00a0 \u00a0 \u00a0 \u00a0 \u00a0 \u00a0 \u00a0<a href=\"resource\/img\/2018\/06\/008.jpg\"><img decoding=\"async\" src=\"resource\/img\/2018\/06\/008_piccola.jpg\" alt=\"008 piccola\" \/><\/a>\u00a0 \u00a0 \u00a0 \u00a0 \u00a0 \u00a0\u00a0<a href=\"resource\/img\/2018\/06\/009.jpg\"><img decoding=\"async\" src=\"resource\/img\/2018\/06\/009_piccola.jpg\" alt=\"009 piccola\" \/><\/a><\/p>\n<p>\u00a0<\/p>\n<p>\u00a0 \u00a0 \u00a0 \u00a0 \u00a0 \u00a0<a href=\"resource\/img\/2018\/06\/010.jpg\"><img decoding=\"async\" src=\"resource\/img\/2018\/06\/010_piccola.jpg\" alt=\"010 piccola\" \/><\/a>\u00a0 \u00a0 \u00a0 \u00a0 \u00a0 \u00a0 \u00a0<a href=\"resource\/img\/2018\/06\/011.jpg\"><img decoding=\"async\" src=\"resource\/img\/2018\/06\/011_piccola.jpg\" alt=\"011 piccola\" \/><\/a>\u00a0 \u00a0 \u00a0 \u00a0 \u00a0 \u00a0\u00a0<a href=\"resource\/img\/2018\/06\/012.jpg\"><img decoding=\"async\" src=\"resource\/img\/2018\/06\/012_piccola.jpg\" alt=\"012 piccola\" \/><\/a><\/p>\n<p>\u00a0<\/p>\n<p>\u00a0 \u00a0 \u00a0 \u00a0 \u00a0 \u00a0<a href=\"resource\/img\/2018\/06\/013.jpg\"><img decoding=\"async\" src=\"resource\/img\/2018\/06\/013_piccola.jpg\" alt=\"013 piccola\" \/><\/a>\u00a0 \u00a0 \u00a0 \u00a0 \u00a0 \u00a0 \u00a0<a href=\"resource\/img\/2018\/06\/014.jpg\"><img decoding=\"async\" src=\"resource\/img\/2018\/06\/014_piccola.jpg\" alt=\"014 piccola\" \/><\/a>\u00a0 \u00a0 \u00a0 \u00a0 \u00a0 \u00a0\u00a0<a href=\"resource\/img\/2018\/06\/015.jpg\"><img decoding=\"async\" src=\"resource\/img\/2018\/06\/015_piccola.jpg\" alt=\"015 piccola\" \/><\/a><\/p>\n<p>\u00a0<\/p>\n<p>\u00a0 \u00a0 \u00a0 \u00a0 \u00a0 \u00a0<a href=\"resource\/img\/2018\/06\/016.jpg\"><img decoding=\"async\" src=\"resource\/img\/2018\/06\/016_piccola.jpg\" alt=\"016 piccola\" \/><\/a>\u00a0 \u00a0 \u00a0 \u00a0 \u00a0 \u00a0 \u00a0<a href=\"resource\/img\/2018\/06\/017_0.jpg\"><img decoding=\"async\" src=\"resource\/img\/2018\/06\/017_piccola.jpg\" alt=\"017 piccola\" \/><\/a>\u00a0 \u00a0 \u00a0 \u00a0 \u00a0 \u00a0\u00a0<a href=\"resource\/img\/2018\/06\/018.jpg\"><img decoding=\"async\" src=\"resource\/img\/2018\/06\/018_piccola.jpg\" alt=\"018 piccola\" \/><\/a><\/p>\n<p>\u00a0<\/p>\n<p>\u00a0 \u00a0 \u00a0 \u00a0 \u00a0 \u00a0<a href=\"resource\/img\/2018\/06\/019.jpg\"><img decoding=\"async\" src=\"resource\/img\/2018\/06\/019_piccola.jpg\" alt=\"019 piccola\" \/><\/a>\u00a0 \u00a0 \u00a0 \u00a0 \u00a0 \u00a0 \u00a0<a href=\"resource\/img\/2018\/06\/020.jpg\"><img decoding=\"async\" src=\"resource\/img\/2018\/06\/020_piccola.jpg\" alt=\"020 piccola\" \/><\/a>\u00a0 \u00a0 \u00a0 \u00a0 \u00a0 \u00a0\u00a0<a href=\"resource\/img\/2018\/06\/021_0.jpg\"><img decoding=\"async\" src=\"resource\/img\/2018\/06\/021_piccola.jpg\" alt=\"021 piccola\" \/><\/a><\/p>\n","protected":false},"excerpt":{"rendered":"Lo scorso 2 giugno presso il Municipio di La Plata \u00e8 stato celebrato il 72\u00b0 anniversario della Repubblica Italiana. Come da tradizione, la cerimonia si \u00e8 svolta alla presenza di numerosi connazionali provenienti da tutta la circoscrizione consolare, di Autorit\u00e0 di governo, di personale militare e diplomatico nonch\u00e9 di esponenti del mondo della cultura, dell&#8217;economia [&hellip;]","protected":false},"author":1,"featured_media":0,"comment_status":"","ping_status":"","sticky":false,"template":"","format":"standard","meta":{"footnotes":""},"tags":[],"class_list":["post-1826","post","type-post","status-publish","format-standard","hentry"],"_links":{"self":[{"href":"https:\/\/conslaplata.esteri.it\/it\/wp-json\/wp\/v2\/posts\/1826","targetHints":{"allow":["GET"]}}],"collection":[{"href":"https:\/\/conslaplata.esteri.it\/it\/wp-json\/wp\/v2\/posts"}],"about":[{"href":"https:\/\/conslaplata.esteri.it\/it\/wp-json\/wp\/v2\/types\/post"}],"author":[{"embeddable":true,"href":"https:\/\/conslaplata.esteri.it\/it\/wp-json\/wp\/v2\/users\/1"}],"replies":[{"embeddable":true,"href":"https:\/\/conslaplata.esteri.it\/it\/wp-json\/wp\/v2\/comments?post=1826"}],"version-history":[{"count":0,"href":"https:\/\/conslaplata.esteri.it\/it\/wp-json\/wp\/v2\/posts\/1826\/revisions"}],"wp:attachment":[{"href":"https:\/\/conslaplata.esteri.it\/it\/wp-json\/wp\/v2\/media?parent=1826"}],"wp:term":[{"taxonomy":"post_tag","embeddable":true,"href":"https:\/\/conslaplata.esteri.it\/it\/wp-json\/wp\/v2\/tags?post=1826"}],"curies":[{"name":"wp","href":"https:\/\/api.w.org\/{rel}","templated":true}]}}