{"id":2526,"date":"2023-09-20T10:53:34","date_gmt":"2023-09-20T13:53:34","guid":{"rendered":"https:\/\/conslaplata.esteri.it\/?p=2526"},"modified":"2023-09-21T09:57:53","modified_gmt":"2023-09-21T12:57:53","slug":"concorso-letterario-baules-de-suenos-e-ilusiones-de-la-inmigracion-italiana","status":"publish","type":"post","link":"https:\/\/conslaplata.esteri.it\/it\/news\/dal_consolato\/2023\/09\/concorso-letterario-baules-de-suenos-e-ilusiones-de-la-inmigracion-italiana\/","title":{"rendered":"Concorso letterario: Ba\u00fales de sue\u00f1os e ilusiones de la inmigraci\u00f3n italiana"},"content":{"rendered":"<p>Il Consolato Generale d&#8217;Italia a La Plata ha l&#8217;onore di\u00a0 informare i vincitori del concorso &#8220;<strong>Ba\u00fales y sue\u00f1os de la Inmigraci\u00f3n Italiana&#8221; <\/strong>organizzato da <strong>\u00a0Uni\u00f3n de Inmigrantes UNIT\u00c0 &#8211; Uni\u00f3n Inmigrantes \u00edtalo-argentinos.<\/strong><\/p>\n<p><span style=\"text-decoration: underline;\">Categoria narrativa:<\/span><\/p>\n<p><strong>1\u00b0 premio<br \/>\n<\/strong>Titolo &#8220;La Ceremonia&#8221;<br \/>\nAutore Marcos Sebasti\u00e1n N\u00fa\u00f1ez<\/p>\n<p><strong>2\u00b0 premio<br \/>\n<\/strong>Titolo &#8220;El otro Barco&#8221;<br \/>\nAutore Ricardo Emilio Varela<\/p>\n<p><strong>3\u00b0 Premio<br \/>\n<\/strong>Titolo &#8220;El fantasma Gris&#8221;<br \/>\nAutrice\u00a0Mar\u00eda Alejandra \u00c1lvarez<\/p>\n<p><span style=\"text-decoration: underline;\">Categoria poesia<\/span><\/p>\n<p><strong>1\u00b0 Premio<br \/>\n<\/strong>Titolo &#8220;De D\u00f3nde Vengo&#8221;<br \/>\nAutore C\u00e9sar Alberto Speranza<\/p>\n<p><strong>2\u00b0 Premio<br \/>\n<\/strong>Titolo &#8220;Abuelos Inmigrantes Italianos&#8221;<br \/>\nAutore Francisco Islas<\/p>\n<p><strong>3\u00b0 Premio<br \/>\n<\/strong>Titolo &#8220;Romance para un Inmigrante&#8221;<br \/>\nAutor Juan Carlos Pirali Brescia<\/p>\n","protected":false},"excerpt":{"rendered":"Il Consolato Generale d&#8217;Italia a La Plata ha l&#8217;onore di\u00a0 informare i vincitori del concorso &#8220;Ba\u00fales y sue\u00f1os de la Inmigraci\u00f3n Italiana&#8221; organizzato da \u00a0Uni\u00f3n de Inmigrantes UNIT\u00c0 &#8211; Uni\u00f3n Inmigrantes \u00edtalo-argentinos. Categoria narrativa: 1\u00b0 premio Titolo &#8220;La Ceremonia&#8221; Autore Marcos Sebasti\u00e1n N\u00fa\u00f1ez 2\u00b0 premio Titolo &#8220;El otro Barco&#8221; Autore Ricardo Emilio Varela 3\u00b0 Premio [&hellip;]","protected":false},"author":4,"featured_media":2527,"comment_status":"closed","ping_status":"closed","sticky":false,"template":"","format":"standard","meta":{"footnotes":""},"tags":[12,7],"class_list":["post-2526","post","type-post","status-publish","format-standard","has-post-thumbnail","hentry","tag-diplomazia-culturale","tag-italiani-nel-mondo"],"_links":{"self":[{"href":"https:\/\/conslaplata.esteri.it\/it\/wp-json\/wp\/v2\/posts\/2526","targetHints":{"allow":["GET"]}}],"collection":[{"href":"https:\/\/conslaplata.esteri.it\/it\/wp-json\/wp\/v2\/posts"}],"about":[{"href":"https:\/\/conslaplata.esteri.it\/it\/wp-json\/wp\/v2\/types\/post"}],"author":[{"embeddable":true,"href":"https:\/\/conslaplata.esteri.it\/it\/wp-json\/wp\/v2\/users\/4"}],"replies":[{"embeddable":true,"href":"https:\/\/conslaplata.esteri.it\/it\/wp-json\/wp\/v2\/comments?post=2526"}],"version-history":[{"count":3,"href":"https:\/\/conslaplata.esteri.it\/it\/wp-json\/wp\/v2\/posts\/2526\/revisions"}],"predecessor-version":[{"id":2534,"href":"https:\/\/conslaplata.esteri.it\/it\/wp-json\/wp\/v2\/posts\/2526\/revisions\/2534"}],"wp:featuredmedia":[{"embeddable":true,"href":"https:\/\/conslaplata.esteri.it\/it\/wp-json\/wp\/v2\/media\/2527"}],"wp:attachment":[{"href":"https:\/\/conslaplata.esteri.it\/it\/wp-json\/wp\/v2\/media?parent=2526"}],"wp:term":[{"taxonomy":"post_tag","embeddable":true,"href":"https:\/\/conslaplata.esteri.it\/it\/wp-json\/wp\/v2\/tags?post=2526"}],"curies":[{"name":"wp","href":"https:\/\/api.w.org\/{rel}","templated":true}]}}