{"id":2967,"date":"2023-11-24T13:59:44","date_gmt":"2023-11-24T16:59:44","guid":{"rendered":"https:\/\/conslaplata.esteri.it\/?p=2967"},"modified":"2023-11-24T14:01:19","modified_gmt":"2023-11-24T17:01:19","slug":"25-de-noviembre-dia-internacional-de-la-eliminacion-de-la-violencia-contra-la-mujer","status":"publish","type":"post","link":"https:\/\/conslaplata.esteri.it\/it\/news\/dal_consolato\/2023\/11\/25-de-noviembre-dia-internacional-de-la-eliminacion-de-la-violencia-contra-la-mujer\/","title":{"rendered":"25 de noviembre &#8211; D\u00eda internacional de la eliminaci\u00f3n de la violencia contra la mujer"},"content":{"rendered":"<p>\u00bfQu\u00e9 son los <a href=\"https:\/\/www.unwomen.org\/es\/what-we-do\/ending-violence-against-women\/unite\/16-days-of-activism\">16D\u00edas<\/a> de activismo contra la violencia de g\u00e9nero?<\/p>\n<p>Es una campa\u00f1a para prevenir y erradicar la violencia contra las mujeres y las ni\u00f1as que es la violaci\u00f3n de los derechos humanos m\u00e1s extendida en el mundo.<\/p>\n<p>\u00a1Prevengamos la violencia y pong\u00e1mosle fin ya! <a href=\"https:\/\/www.unwomen.org\/es\/what-we-do\/ending-violence-against-women\/unite\/theme\">https:\/\/www.unwomen.org\/es\/what-we-do\/ending-violence-against-women\/unite\/theme<\/a><\/p>\n","protected":false},"excerpt":{"rendered":"\u00bfQu\u00e9 son los 16D\u00edas de activismo contra la violencia de g\u00e9nero? Es una campa\u00f1a para prevenir y erradicar la violencia contra las mujeres y las ni\u00f1as que es la violaci\u00f3n de los derechos humanos m\u00e1s extendida en el mundo. \u00a1Prevengamos la violencia y pong\u00e1mosle fin ya! https:\/\/www.unwomen.org\/es\/what-we-do\/ending-violence-against-women\/unite\/theme","protected":false},"author":4,"featured_media":2962,"comment_status":"closed","ping_status":"closed","sticky":false,"template":"","format":"standard","meta":{"footnotes":""},"tags":[9],"class_list":["post-2967","post","type-post","status-publish","format-standard","has-post-thumbnail","hentry","tag-diritti-umani"],"_links":{"self":[{"href":"https:\/\/conslaplata.esteri.it\/it\/wp-json\/wp\/v2\/posts\/2967","targetHints":{"allow":["GET"]}}],"collection":[{"href":"https:\/\/conslaplata.esteri.it\/it\/wp-json\/wp\/v2\/posts"}],"about":[{"href":"https:\/\/conslaplata.esteri.it\/it\/wp-json\/wp\/v2\/types\/post"}],"author":[{"embeddable":true,"href":"https:\/\/conslaplata.esteri.it\/it\/wp-json\/wp\/v2\/users\/4"}],"replies":[{"embeddable":true,"href":"https:\/\/conslaplata.esteri.it\/it\/wp-json\/wp\/v2\/comments?post=2967"}],"version-history":[{"count":1,"href":"https:\/\/conslaplata.esteri.it\/it\/wp-json\/wp\/v2\/posts\/2967\/revisions"}],"predecessor-version":[{"id":2968,"href":"https:\/\/conslaplata.esteri.it\/it\/wp-json\/wp\/v2\/posts\/2967\/revisions\/2968"}],"wp:featuredmedia":[{"embeddable":true,"href":"https:\/\/conslaplata.esteri.it\/it\/wp-json\/wp\/v2\/media\/2962"}],"wp:attachment":[{"href":"https:\/\/conslaplata.esteri.it\/it\/wp-json\/wp\/v2\/media?parent=2967"}],"wp:term":[{"taxonomy":"post_tag","embeddable":true,"href":"https:\/\/conslaplata.esteri.it\/it\/wp-json\/wp\/v2\/tags?post=2967"}],"curies":[{"name":"wp","href":"https:\/\/api.w.org\/{rel}","templated":true}]}}