{"id":2983,"date":"2023-12-04T10:40:25","date_gmt":"2023-12-04T13:40:25","guid":{"rendered":"https:\/\/conslaplata.esteri.it\/?p=2983"},"modified":"2023-12-07T09:52:42","modified_gmt":"2023-12-07T12:52:42","slug":"venerdi-8-dicembre-concerto-di-musica-lirica-in-omaggio-a-giacomo-puccini","status":"publish","type":"post","link":"https:\/\/conslaplata.esteri.it\/it\/news\/dal_consolato\/2023\/12\/venerdi-8-dicembre-concerto-di-musica-lirica-in-omaggio-a-giacomo-puccini\/","title":{"rendered":"Venerd\u00ec 8 dicembre \u2013 Concerto di musica lirica in omaggio a Giacomo Puccini"},"content":{"rendered":"<p>In collaborazione con il Consolato Generale di Italia a La Plata <strong>venerd\u00ec 8 dicembre alle 20:30<\/strong> si terr\u00e0 presso il <strong>Teatro de C\u00e1mara<\/strong> di City Bell (Diag. 4 &#8211; Urquiza &#8211; entre 462 y 464) un concerto di musica lirica in<strong> omaggio a Giacomo Puccini.<\/strong><\/p>\n<p>Per ulteriori informazioni:<strong>\u00a0 <\/strong><a href=\"https:\/\/lumenartis.org\/?post_type=funcion&amp;p=1172\"><strong>lumenartis.org<\/strong>\u00a0<\/a><\/p>\n","protected":false},"excerpt":{"rendered":"In collaborazione con il Consolato Generale di Italia a La Plata venerd\u00ec 8 dicembre alle 20:30 si terr\u00e0 presso il Teatro de C\u00e1mara di City Bell (Diag. 4 &#8211; Urquiza &#8211; entre 462 y 464) un concerto di musica lirica in omaggio a Giacomo Puccini. Per ulteriori informazioni:\u00a0 lumenartis.org\u00a0","protected":false},"author":4,"featured_media":2984,"comment_status":"closed","ping_status":"closed","sticky":false,"template":"","format":"standard","meta":{"footnotes":""},"tags":[12],"class_list":["post-2983","post","type-post","status-publish","format-standard","has-post-thumbnail","hentry","tag-diplomazia-culturale"],"_links":{"self":[{"href":"https:\/\/conslaplata.esteri.it\/it\/wp-json\/wp\/v2\/posts\/2983","targetHints":{"allow":["GET"]}}],"collection":[{"href":"https:\/\/conslaplata.esteri.it\/it\/wp-json\/wp\/v2\/posts"}],"about":[{"href":"https:\/\/conslaplata.esteri.it\/it\/wp-json\/wp\/v2\/types\/post"}],"author":[{"embeddable":true,"href":"https:\/\/conslaplata.esteri.it\/it\/wp-json\/wp\/v2\/users\/4"}],"replies":[{"embeddable":true,"href":"https:\/\/conslaplata.esteri.it\/it\/wp-json\/wp\/v2\/comments?post=2983"}],"version-history":[{"count":3,"href":"https:\/\/conslaplata.esteri.it\/it\/wp-json\/wp\/v2\/posts\/2983\/revisions"}],"predecessor-version":[{"id":3045,"href":"https:\/\/conslaplata.esteri.it\/it\/wp-json\/wp\/v2\/posts\/2983\/revisions\/3045"}],"wp:featuredmedia":[{"embeddable":true,"href":"https:\/\/conslaplata.esteri.it\/it\/wp-json\/wp\/v2\/media\/2984"}],"wp:attachment":[{"href":"https:\/\/conslaplata.esteri.it\/it\/wp-json\/wp\/v2\/media?parent=2983"}],"wp:term":[{"taxonomy":"post_tag","embeddable":true,"href":"https:\/\/conslaplata.esteri.it\/it\/wp-json\/wp\/v2\/tags?post=2983"}],"curies":[{"name":"wp","href":"https:\/\/api.w.org\/{rel}","templated":true}]}}