{"id":3010,"date":"2023-12-04T15:44:44","date_gmt":"2023-12-04T18:44:44","guid":{"rendered":"https:\/\/conslaplata.esteri.it\/?p=3010"},"modified":"2023-12-07T11:34:36","modified_gmt":"2023-12-07T14:34:36","slug":"4-dicembre-visita-consolare-a-general-belgrano","status":"publish","type":"post","link":"https:\/\/conslaplata.esteri.it\/it\/news\/dal_consolato\/2023\/12\/4-dicembre-visita-consolare-a-general-belgrano\/","title":{"rendered":"2 dicembre &#8211; Visita consolare a General Belgrano"},"content":{"rendered":"<p>Il Console Generale <strong>Pierluigi Schettin<\/strong>o si \u00e8 recato sabato scorso\u00a0 in visita consolare a <strong>General Belgrano<\/strong>, insieme ai presidenti di <strong>FAILAP, COMITES e FEDITALIA<\/strong>. Incontri con Autorit\u00e0 locali, Consiglio direttivo della <strong>Societ\u00e0 italiana di Mutuo Soccorso<\/strong> e rappresentanti della collettivit\u00e0 locale.<\/p>\n","protected":false},"excerpt":{"rendered":"Il Console Generale Pierluigi Schettino si \u00e8 recato sabato scorso\u00a0 in visita consolare a General Belgrano, insieme ai presidenti di FAILAP, COMITES e FEDITALIA. Incontri con Autorit\u00e0 locali, Consiglio direttivo della Societ\u00e0 italiana di Mutuo Soccorso e rappresentanti della collettivit\u00e0 locale.","protected":false},"author":4,"featured_media":3015,"comment_status":"closed","ping_status":"closed","sticky":false,"template":"","format":"standard","meta":{"footnotes":""},"tags":[7,5],"class_list":["post-3010","post","type-post","status-publish","format-standard","has-post-thumbnail","hentry","tag-italiani-nel-mondo","tag-politica-estera"],"_links":{"self":[{"href":"https:\/\/conslaplata.esteri.it\/it\/wp-json\/wp\/v2\/posts\/3010","targetHints":{"allow":["GET"]}}],"collection":[{"href":"https:\/\/conslaplata.esteri.it\/it\/wp-json\/wp\/v2\/posts"}],"about":[{"href":"https:\/\/conslaplata.esteri.it\/it\/wp-json\/wp\/v2\/types\/post"}],"author":[{"embeddable":true,"href":"https:\/\/conslaplata.esteri.it\/it\/wp-json\/wp\/v2\/users\/4"}],"replies":[{"embeddable":true,"href":"https:\/\/conslaplata.esteri.it\/it\/wp-json\/wp\/v2\/comments?post=3010"}],"version-history":[{"count":4,"href":"https:\/\/conslaplata.esteri.it\/it\/wp-json\/wp\/v2\/posts\/3010\/revisions"}],"predecessor-version":[{"id":3049,"href":"https:\/\/conslaplata.esteri.it\/it\/wp-json\/wp\/v2\/posts\/3010\/revisions\/3049"}],"wp:featuredmedia":[{"embeddable":true,"href":"https:\/\/conslaplata.esteri.it\/it\/wp-json\/wp\/v2\/media\/3015"}],"wp:attachment":[{"href":"https:\/\/conslaplata.esteri.it\/it\/wp-json\/wp\/v2\/media?parent=3010"}],"wp:term":[{"taxonomy":"post_tag","embeddable":true,"href":"https:\/\/conslaplata.esteri.it\/it\/wp-json\/wp\/v2\/tags?post=3010"}],"curies":[{"name":"wp","href":"https:\/\/api.w.org\/{rel}","templated":true}]}}